{"id":33756,"date":"2023-10-18T08:30:50","date_gmt":"2023-10-18T11:30:50","guid":{"rendered":"https:\/\/cajamar.sp.gov.br\/noticias\/?p=33756"},"modified":"2023-10-18T08:30:50","modified_gmt":"2023-10-18T11:30:50","slug":"cajamar-promove-dia-delas-neste-sabado-21","status":"publish","type":"post","link":"https:\/\/cajamar.sp.gov.br\/noticias\/2023\/10\/18\/cajamar-promove-dia-delas-neste-sabado-21\/","title":{"rendered":"Cajamar promove Dia \u2018D\u2019Elas\u2019 neste s\u00e1bado (21)"},"content":{"rendered":"\n<figure class=\"wp-block-image size-full\"><img fetchpriority=\"high\" decoding=\"async\" width=\"1000\" height=\"700\" src=\"https:\/\/cajamar.sp.gov.br\/noticias\/wp-content\/uploads\/sites\/2\/2023\/10\/image-23.png\" alt=\"\" class=\"wp-image-33757\" srcset=\"https:\/\/cajamar.sp.gov.br\/noticias\/wp-content\/uploads\/sites\/2\/2023\/10\/image-23.png 1000w, https:\/\/cajamar.sp.gov.br\/noticias\/wp-content\/uploads\/sites\/2\/2023\/10\/image-23-768x538.png 768w\" sizes=\"(max-width: 1000px) 100vw, 1000px\" \/><\/figure>\n\n\n\n<p>No pr\u00f3ximo s\u00e1bado (21), a Secretaria Municipal da Sa\u00fade ir\u00e1 promover o Dia D\u2019Elas para realiza\u00e7\u00e3o do exame Citopatol\u00f3gico e Mamografia, nas unidades de sa\u00fade de Cajamar.<\/p>\n\n\n\n<p>Ser\u00e1 uma campanha de car\u00e1ter preventivo para realiza\u00e7\u00e3o do exame de rastreamento do c\u00e2ncer do colo do \u00fatero, destinado \u00e0s mulheres entre 25 e 64 anos; e de mamas, destinados \u00e0s mulheres de 50 a 69 anos (que n\u00e3o realizaram no \u00faltimo ano).<\/p>\n\n\n\n<p>O Dia D\u2019Elas tem como intuito proporcionar ao p\u00fablico feminino, os cuidados com a sa\u00fade e a possibilidade de realizar a preven\u00e7\u00e3o, por meio do exame citopatol\u00f3gico e mamografia, verificando como est\u00e1 a sa\u00fade da mulher.<\/p>\n\n\n\n<p>Documentos necess\u00e1rios:<\/p>\n\n\n\n<ul class=\"wp-block-list\">\n<li>Documento com foto, CPF ou cart\u00e3o do SUS<\/li>\n<\/ul>\n\n\n\n<p>P\u00daBLICO ALVO \ud83c\udfaf<\/p>\n\n\n\n<ul class=\"wp-block-list\">\n<li>Citopatol\u00f3gico: Mulheres a partir de 25 anos.<\/li>\n\n\n\n<li>Mamografia: Mulheres a partir de 50 anos.<\/li>\n<\/ul>\n\n\n\n<p>O exame de Mamografia ser\u00e1 realizado somente na Unidade B\u00e1sica de Sa\u00fade Doutora Izabel Gratieri na Rua Timburi n\u00ba 121 \u2013 Polvilho.<\/p>\n\n\n\n<p>Confira as Unidades de Sa\u00fade que realizar\u00e3o o exame citopatol\u00f3gico:<\/p>\n\n\n\n<p>Hor\u00e1rio de funcionamento: 08 \u00e0s 12h e 13 \u00e0s 17h<\/p>\n\n\n\n<ul class=\"wp-block-list\">\n<li>UBS Enfermeiro Carlos Moreira da Silva<\/li>\n<\/ul>\n\n\n\n<p>Av. Dr. Jo\u00e3o Abdalla n\u00ba 850 \u2013 Jordan\u00e9sia<\/p>\n\n\n\n<ul class=\"wp-block-list\">\n<li>UBS Enfermeira Leontina Martins de Fran\u00e7a<\/li>\n<\/ul>\n\n\n\n<p>Av. Dr. Jos\u00e9 Lu\u00edz Leme Maciel n\u00ba 179 \u2013 Parque S\u00e3o Roberto<\/p>\n\n\n\n<ul class=\"wp-block-list\">\n<li>UBS Doutora Izabel Gratieri<\/li>\n<\/ul>\n\n\n\n<p>Rua Timburi n\u00ba 121 \u2013 Polvilho<\/p>\n\n\n\n<ul class=\"wp-block-list\">\n<li>USF Manoel In\u00e1cio da Silva<\/li>\n<\/ul>\n\n\n\n<p>Av. das Juritis n\u00ba 385 \u2013 Pq Maria Aparecida<\/p>\n\n\n\n<ul class=\"wp-block-list\">\n<li>USF Belo Planalto<\/li>\n<\/ul>\n\n\n\n<p>Rua Nercilio Jos\u00e9 dos Santos, 58 \u2013 Polvilho<\/p>\n\n\n\n<ul class=\"wp-block-list\">\n<li>USF Vereador Joaquim Alves de Castro<\/li>\n<\/ul>\n\n\n\n<p>Av. Prof. Walter Ribas de Andrade n\u00ba 544 \u2013 Cajamar-Centro<\/p>\n\n\n\n<ul class=\"wp-block-list\">\n<li>USF Maria Aparecida Miss\u00e9<\/li>\n<\/ul>\n\n\n\n<p>Rua Joaquim Rodrigues Pontes n\u00ba 203 \u2013 Ponunduva<\/p>\n\n\n\n<ul class=\"wp-block-list\">\n<li>USF Nadilia de Oliveira Santos<\/li>\n<\/ul>\n\n\n\n<p>Rua Bela Vista n\u00ba 1200 \u2013 Bairro do S\u00e3o Benedito<\/p>\n\n\n\n<ul class=\"wp-block-list\">\n<li>USF Carlos dos Santos<\/li>\n<\/ul>\n\n\n\n<p>Rua das Cravinas n\u00b0 198 \u2013 Portal dos Ip\u00eas III<\/p>\n\n\n\n<ul class=\"wp-block-list\">\n<li>USF Edivaldo Soares Massagardi<\/li>\n<\/ul>\n\n\n\n<p>Rua Barueri n\u00ba 198 \u2013 Guaturinho<\/p>\n\n\n\n<ul class=\"wp-block-list\">\n<li>USF Dra Maria de Lourdes Mendon\u00e7a Bravo<\/li>\n<\/ul>\n\n\n\n<p>Avenida Aruj\u00e1 n\u00ba 208 \u2013 Maria Luiza<\/p>\n","protected":false},"excerpt":{"rendered":"<p>A campanha tem como intuito incentivar a preven\u00e7\u00e3o do c\u00e2ncer do colo do \u00fatero e c\u00e2ncer de mamas<\/p>\n","protected":false},"author":34,"featured_media":33757,"comment_status":"closed","ping_status":"0","sticky":true,"template":"","format":"standard","meta":{"footnotes":""},"categories":[2],"tags":[2084,2083],"posicao":[28],"class_list":["post-33756","post","type-post","status-publish","format-standard","has-post-thumbnail","hentry","category-saude","tag-dia-delas","tag-exames","posicao-destaque"],"_links":{"self":[{"href":"https:\/\/cajamar.sp.gov.br\/noticias\/wp-json\/wp\/v2\/posts\/33756","targetHints":{"allow":["GET"]}}],"collection":[{"href":"https:\/\/cajamar.sp.gov.br\/noticias\/wp-json\/wp\/v2\/posts"}],"about":[{"href":"https:\/\/cajamar.sp.gov.br\/noticias\/wp-json\/wp\/v2\/types\/post"}],"author":[{"embeddable":true,"href":"https:\/\/cajamar.sp.gov.br\/noticias\/wp-json\/wp\/v2\/users\/34"}],"replies":[{"embeddable":true,"href":"https:\/\/cajamar.sp.gov.br\/noticias\/wp-json\/wp\/v2\/comments?post=33756"}],"version-history":[{"count":1,"href":"https:\/\/cajamar.sp.gov.br\/noticias\/wp-json\/wp\/v2\/posts\/33756\/revisions"}],"predecessor-version":[{"id":33758,"href":"https:\/\/cajamar.sp.gov.br\/noticias\/wp-json\/wp\/v2\/posts\/33756\/revisions\/33758"}],"wp:featuredmedia":[{"embeddable":true,"href":"https:\/\/cajamar.sp.gov.br\/noticias\/wp-json\/wp\/v2\/media\/33757"}],"wp:attachment":[{"href":"https:\/\/cajamar.sp.gov.br\/noticias\/wp-json\/wp\/v2\/media?parent=33756"}],"wp:term":[{"taxonomy":"category","embeddable":true,"href":"https:\/\/cajamar.sp.gov.br\/noticias\/wp-json\/wp\/v2\/categories?post=33756"},{"taxonomy":"post_tag","embeddable":true,"href":"https:\/\/cajamar.sp.gov.br\/noticias\/wp-json\/wp\/v2\/tags?post=33756"},{"taxonomy":"posicao","embeddable":true,"href":"https:\/\/cajamar.sp.gov.br\/noticias\/wp-json\/wp\/v2\/posicao?post=33756"}],"curies":[{"name":"wp","href":"https:\/\/api.w.org\/{rel}","templated":true}]}}