{"id":33786,"date":"2023-10-18T17:09:33","date_gmt":"2023-10-18T20:09:33","guid":{"rendered":"https:\/\/cajamar.sp.gov.br\/noticias\/?p=33786"},"modified":"2023-10-18T17:09:33","modified_gmt":"2023-10-18T20:09:33","slug":"cajamar-tera-caminhada-outubro-rosa-em-prol-da-conscientizacao-contra-o-cancer-de-mama","status":"publish","type":"post","link":"https:\/\/cajamar.sp.gov.br\/noticias\/2023\/10\/18\/cajamar-tera-caminhada-outubro-rosa-em-prol-da-conscientizacao-contra-o-cancer-de-mama\/","title":{"rendered":"Cajamar ter\u00e1 Caminhada Outubro Rosa em prol da conscientiza\u00e7\u00e3o contra o c\u00e2ncer de mama"},"content":{"rendered":"\n<figure class=\"wp-block-image size-full\"><img fetchpriority=\"high\" decoding=\"async\" width=\"1200\" height=\"900\" src=\"https:\/\/cajamar.sp.gov.br\/noticias\/wp-content\/uploads\/sites\/2\/2023\/10\/image-25.png\" alt=\"\" class=\"wp-image-33787\" srcset=\"https:\/\/cajamar.sp.gov.br\/noticias\/wp-content\/uploads\/sites\/2\/2023\/10\/image-25.png 1200w, https:\/\/cajamar.sp.gov.br\/noticias\/wp-content\/uploads\/sites\/2\/2023\/10\/image-25-300x225.png 300w, https:\/\/cajamar.sp.gov.br\/noticias\/wp-content\/uploads\/sites\/2\/2023\/10\/image-25-768x576.png 768w\" sizes=\"(max-width: 1200px) 100vw, 1200px\" \/><\/figure>\n\n\n\n<p>Com o objetivo de fortalecer a importante campanha Outubro Rosa, a Prefeitura de Cajamar est\u00e1 organizando uma caminhada de conscientiza\u00e7\u00e3o voltada \u00e0 preven\u00e7\u00e3o e ao combate do c\u00e2ncer de mama.<\/p>\n\n\n\n<p>O evento est\u00e1 marcado para o pr\u00f3ximo s\u00e1bado, dia 21 de outubro, e conta com o apoio da Escola T\u00e9cnica Estadual (ETEC) Gino Rezaghi, que envolver\u00e1 todos os seus alunos na iniciativa. A concentra\u00e7\u00e3o ter\u00e1 in\u00edcio na Igreja Cat\u00f3lica \u00e0s 8h da manh\u00e3, e a sa\u00edda est\u00e1 programada para as 9h.<\/p>\n\n\n\n<p>O percurso da caminhada ser\u00e1 conduzido da Igreja Cat\u00f3lica at\u00e9 o Centro de Eventos Boi\u00f3dromo, em Jordan\u00e9sia. Neste mesmo local, estar\u00e1 ocorrendo o encerramento da Feira T\u00e9cnico Cient\u00edfico Cultural promovida pelos estudantes da ETEC Gino Rezaghi.<\/p>\n\n\n\n<p>A Caminhada Outubro Rosa \u00e9 uma oportunidade para os mun\u00edcipes se unirem na luta contra o c\u00e2ncer de mama e sensibilizar a popula\u00e7\u00e3o sobre a import\u00e2ncia da preven\u00e7\u00e3o e do diagn\u00f3stico precoce.<\/p>\n\n\n\n<p>Participe! Seja parte dessa mobiliza\u00e7\u00e3o em prol da sa\u00fade e bem-estar de todas as mulheres. Vamos caminhar juntos pela vida!<\/p>\n\n\n\n<p>RETIRADA DE CAMISETAS: Os participantes que quiserem ir com a camiseta da campanha poder\u00e3o trocar no dia por \u00d3LEO ou ARROZ para ajudar nas a\u00e7\u00f5es do Fundo Social de Solidariedade. Chegue cedo!<\/p>\n\n\n\n<p>CAMINHADA OUTUBRO ROSA<\/p>\n\n\n\n<p>Dia: 21\/10\/2023<br>08h &#8211; Concentra\u00e7\u00e3o na Igreja Cat\u00f3lica<br>09h &#8211; In\u00edcio da caminhada<br>Chegada: Centro de Eventos Boi\u00f3dromo<\/p>\n","protected":false},"excerpt":{"rendered":"<p>A caminhada vai acontecer entre a Igreja Cat\u00f3lica e o Centro de Eventos Boi\u00f3dromo, em Jordan\u00e9sia<\/p>\n","protected":false},"author":34,"featured_media":33787,"comment_status":"closed","ping_status":"0","sticky":true,"template":"","format":"standard","meta":{"footnotes":""},"categories":[16],"tags":[1612,1049,1965],"posicao":[28],"class_list":["post-33786","post","type-post","status-publish","format-standard","has-post-thumbnail","hentry","category-fundo-social-cajamar","tag-caminhada","tag-outubro-rosa","tag-solidario","posicao-destaque"],"_links":{"self":[{"href":"https:\/\/cajamar.sp.gov.br\/noticias\/wp-json\/wp\/v2\/posts\/33786","targetHints":{"allow":["GET"]}}],"collection":[{"href":"https:\/\/cajamar.sp.gov.br\/noticias\/wp-json\/wp\/v2\/posts"}],"about":[{"href":"https:\/\/cajamar.sp.gov.br\/noticias\/wp-json\/wp\/v2\/types\/post"}],"author":[{"embeddable":true,"href":"https:\/\/cajamar.sp.gov.br\/noticias\/wp-json\/wp\/v2\/users\/34"}],"replies":[{"embeddable":true,"href":"https:\/\/cajamar.sp.gov.br\/noticias\/wp-json\/wp\/v2\/comments?post=33786"}],"version-history":[{"count":1,"href":"https:\/\/cajamar.sp.gov.br\/noticias\/wp-json\/wp\/v2\/posts\/33786\/revisions"}],"predecessor-version":[{"id":33788,"href":"https:\/\/cajamar.sp.gov.br\/noticias\/wp-json\/wp\/v2\/posts\/33786\/revisions\/33788"}],"wp:featuredmedia":[{"embeddable":true,"href":"https:\/\/cajamar.sp.gov.br\/noticias\/wp-json\/wp\/v2\/media\/33787"}],"wp:attachment":[{"href":"https:\/\/cajamar.sp.gov.br\/noticias\/wp-json\/wp\/v2\/media?parent=33786"}],"wp:term":[{"taxonomy":"category","embeddable":true,"href":"https:\/\/cajamar.sp.gov.br\/noticias\/wp-json\/wp\/v2\/categories?post=33786"},{"taxonomy":"post_tag","embeddable":true,"href":"https:\/\/cajamar.sp.gov.br\/noticias\/wp-json\/wp\/v2\/tags?post=33786"},{"taxonomy":"posicao","embeddable":true,"href":"https:\/\/cajamar.sp.gov.br\/noticias\/wp-json\/wp\/v2\/posicao?post=33786"}],"curies":[{"name":"wp","href":"https:\/\/api.w.org\/{rel}","templated":true}]}}