{"id":33884,"date":"2023-10-27T09:11:59","date_gmt":"2023-10-27T12:11:59","guid":{"rendered":"https:\/\/cajamar.sp.gov.br\/noticias\/?p=33884"},"modified":"2023-10-27T16:01:06","modified_gmt":"2023-10-27T19:01:06","slug":"fundo-social-promove-aulao-de-danca-do-outubro-rosa-2","status":"publish","type":"post","link":"https:\/\/cajamar.sp.gov.br\/noticias\/2023\/10\/27\/fundo-social-promove-aulao-de-danca-do-outubro-rosa-2\/","title":{"rendered":"Fundo Social promove aul\u00e3o de dan\u00e7a do Outubro Rosa"},"content":{"rendered":"\n<figure class=\"wp-block-image size-full\"><img fetchpriority=\"high\" decoding=\"async\" width=\"1000\" height=\"700\" src=\"https:\/\/cajamar.sp.gov.br\/noticias\/wp-content\/uploads\/sites\/2\/2023\/10\/image-32.png\" alt=\"\" class=\"wp-image-33885\" srcset=\"https:\/\/cajamar.sp.gov.br\/noticias\/wp-content\/uploads\/sites\/2\/2023\/10\/image-32.png 1000w, https:\/\/cajamar.sp.gov.br\/noticias\/wp-content\/uploads\/sites\/2\/2023\/10\/image-32-768x538.png 768w\" sizes=\"(max-width: 1000px) 100vw, 1000px\" \/><\/figure>\n\n\n\n<p>Encerrando as a\u00e7\u00f5es da Campanha Outubro Rosa, na pr\u00f3xima ter\u00e7a-feira (31), o Fundo Social de Solidariedade ir\u00e1 promover um aul\u00e3o de dan\u00e7a gratuito com a professora Lu Domingues por meio do projeto Movimenta Cajamar. O evento ter\u00e1 in\u00edcio \u00e0s 19h e ser\u00e1 realizado no Gin\u00e1sio de Jordan\u00e9sia.<\/p>\n\n\n\n<p>Para tornar esse encontro ainda mais especial, incentivamos todas as participantes a usarem camisetas cor-de-rosa, s\u00edmbolo da campanha Outubro Rosa, como forma de demonstrar seu apoio \u00e0 causa e solidariedade \u00e0s mulheres que enfrentam o c\u00e2ncer de mama.<\/p>\n\n\n\n<p>Al\u00e9m disso, as 100 primeiras alunas a chegarem ao evento receber\u00e3o brindes especiais como forma de agradecimento pelo seu apoio e engajamento na luta contra o c\u00e2ncer de mama.<\/p>\n\n\n\n<p>No dia do aul\u00e3o, os participantes devem optar por roupas leves e n\u00e3o esquecer a garrafinha de \u00e1gua. Junte-se a n\u00f3s no aul\u00e3o de dan\u00e7a do Outubro Rosa e ajude a tornar esta a\u00e7\u00e3o um sucesso!<\/p>\n","protected":false},"excerpt":{"rendered":"<p>Encerre o Outubro Rosa em grande estilo no aul\u00e3o de dan\u00e7a promovido em parceria com o projeto Movimenta Cajamar<\/p>\n","protected":false},"author":34,"featured_media":33885,"comment_status":"closed","ping_status":"0","sticky":true,"template":"","format":"standard","meta":{"footnotes":""},"categories":[16],"tags":[1872,1049],"posicao":[28],"class_list":["post-33884","post","type-post","status-publish","format-standard","has-post-thumbnail","hentry","category-fundo-social-cajamar","tag-aulao","tag-outubro-rosa","posicao-destaque"],"_links":{"self":[{"href":"https:\/\/cajamar.sp.gov.br\/noticias\/wp-json\/wp\/v2\/posts\/33884","targetHints":{"allow":["GET"]}}],"collection":[{"href":"https:\/\/cajamar.sp.gov.br\/noticias\/wp-json\/wp\/v2\/posts"}],"about":[{"href":"https:\/\/cajamar.sp.gov.br\/noticias\/wp-json\/wp\/v2\/types\/post"}],"author":[{"embeddable":true,"href":"https:\/\/cajamar.sp.gov.br\/noticias\/wp-json\/wp\/v2\/users\/34"}],"replies":[{"embeddable":true,"href":"https:\/\/cajamar.sp.gov.br\/noticias\/wp-json\/wp\/v2\/comments?post=33884"}],"version-history":[{"count":2,"href":"https:\/\/cajamar.sp.gov.br\/noticias\/wp-json\/wp\/v2\/posts\/33884\/revisions"}],"predecessor-version":[{"id":33891,"href":"https:\/\/cajamar.sp.gov.br\/noticias\/wp-json\/wp\/v2\/posts\/33884\/revisions\/33891"}],"wp:featuredmedia":[{"embeddable":true,"href":"https:\/\/cajamar.sp.gov.br\/noticias\/wp-json\/wp\/v2\/media\/33885"}],"wp:attachment":[{"href":"https:\/\/cajamar.sp.gov.br\/noticias\/wp-json\/wp\/v2\/media?parent=33884"}],"wp:term":[{"taxonomy":"category","embeddable":true,"href":"https:\/\/cajamar.sp.gov.br\/noticias\/wp-json\/wp\/v2\/categories?post=33884"},{"taxonomy":"post_tag","embeddable":true,"href":"https:\/\/cajamar.sp.gov.br\/noticias\/wp-json\/wp\/v2\/tags?post=33884"},{"taxonomy":"posicao","embeddable":true,"href":"https:\/\/cajamar.sp.gov.br\/noticias\/wp-json\/wp\/v2\/posicao?post=33884"}],"curies":[{"name":"wp","href":"https:\/\/api.w.org\/{rel}","templated":true}]}}