{"id":33967,"date":"2023-11-08T15:05:55","date_gmt":"2023-11-08T18:05:55","guid":{"rendered":"https:\/\/cajamar.sp.gov.br\/noticias\/?p=33967"},"modified":"2023-11-08T15:05:55","modified_gmt":"2023-11-08T18:05:55","slug":"semana-do-empreendedorismo-cajamarense-tera-espaco-gastronomia-empreendedora","status":"publish","type":"post","link":"https:\/\/cajamar.sp.gov.br\/noticias\/2023\/11\/08\/semana-do-empreendedorismo-cajamarense-tera-espaco-gastronomia-empreendedora\/","title":{"rendered":"Semana do Empreendedorismo Cajamarense ter\u00e1 \u201cEspa\u00e7o Gastronomia Empreendedora\u201d"},"content":{"rendered":"\n<figure class=\"wp-block-image size-large\"><img fetchpriority=\"high\" decoding=\"async\" width=\"1280\" height=\"960\" src=\"https:\/\/cajamar.sp.gov.br\/noticias\/wp-content\/uploads\/sites\/2\/2023\/11\/image-9-1280x960.png\" alt=\"\" class=\"wp-image-33968\" srcset=\"https:\/\/cajamar.sp.gov.br\/noticias\/wp-content\/uploads\/sites\/2\/2023\/11\/image-9-1280x960.png 1280w, https:\/\/cajamar.sp.gov.br\/noticias\/wp-content\/uploads\/sites\/2\/2023\/11\/image-9-300x225.png 300w, https:\/\/cajamar.sp.gov.br\/noticias\/wp-content\/uploads\/sites\/2\/2023\/11\/image-9-768x576.png 768w, https:\/\/cajamar.sp.gov.br\/noticias\/wp-content\/uploads\/sites\/2\/2023\/11\/image-9-1536x1152.png 1536w, https:\/\/cajamar.sp.gov.br\/noticias\/wp-content\/uploads\/sites\/2\/2023\/11\/image-9.png 1600w\" sizes=\"(max-width: 1280px) 100vw, 1280px\" \/><\/figure>\n\n\n\n<p>A Secretaria de Desenvolvimento Econ\u00f4mico e Empreendedorismo, como j\u00e1 anunciado, ir\u00e1 promover a &#8220;Semana do Empreendedorismo Cajamarense&#8221; entre os dias 23 e 27 de novembro.<\/p>\n\n\n\n<p>Nesta semana, a organiza\u00e7\u00e3o do evento, visando apoiar e promover o empreendedorismo no setor de alimenta\u00e7\u00e3o, preparou o &#8220;Espa\u00e7o Gastronomia Empreendedora&#8221;, onde os empreendedores de Cajamar na \u00e1rea de alimenta\u00e7\u00e3o ter\u00e3o a oportunidade de apresentar e comercializar seus produtos. Tudo isso visa ajud\u00e1-los a prosperar em um setor altamente competitivo.<\/p>\n\n\n\n<p>O espa\u00e7o contar\u00e1 com barracas e um amplo espa\u00e7o de alimenta\u00e7\u00e3o coberto. As inscri\u00e7\u00f5es estar\u00e3o abertas at\u00e9 o dia 13 de novembro, e para participar, \u00e9 necess\u00e1rio que o candidato resida e tenha CNPJ inscrito em Cajamar, e uma bela hist\u00f3ria de empreendedorismo gastron\u00f4mico.<\/p>\n\n\n\n<p>Para inscri\u00e7\u00f5es e consulta ao regulamento completo, acesse o link:<br><a href=\"http:\/\/bit.ly\/gastronomiacajamar\">http:\/\/bit.ly\/gastronomiacajamar<\/a><\/p>\n","protected":false},"excerpt":{"rendered":"<p>Se voc\u00ea \u00e9 empreendedor(a) cajamarense no ramo de alimenta\u00e7\u00e3o, inscreva-se at\u00e9 o dia 13 de novembro e participe deste evento exclusivo<\/p>\n","protected":false},"author":34,"featured_media":33968,"comment_status":"closed","ping_status":"0","sticky":true,"template":"","format":"standard","meta":{"footnotes":""},"categories":[16],"tags":[2101],"posicao":[28],"class_list":["post-33967","post","type-post","status-publish","format-standard","has-post-thumbnail","hentry","category-fundo-social-cajamar","tag-gastronomia-empreendedora","posicao-destaque"],"_links":{"self":[{"href":"https:\/\/cajamar.sp.gov.br\/noticias\/wp-json\/wp\/v2\/posts\/33967","targetHints":{"allow":["GET"]}}],"collection":[{"href":"https:\/\/cajamar.sp.gov.br\/noticias\/wp-json\/wp\/v2\/posts"}],"about":[{"href":"https:\/\/cajamar.sp.gov.br\/noticias\/wp-json\/wp\/v2\/types\/post"}],"author":[{"embeddable":true,"href":"https:\/\/cajamar.sp.gov.br\/noticias\/wp-json\/wp\/v2\/users\/34"}],"replies":[{"embeddable":true,"href":"https:\/\/cajamar.sp.gov.br\/noticias\/wp-json\/wp\/v2\/comments?post=33967"}],"version-history":[{"count":1,"href":"https:\/\/cajamar.sp.gov.br\/noticias\/wp-json\/wp\/v2\/posts\/33967\/revisions"}],"predecessor-version":[{"id":33969,"href":"https:\/\/cajamar.sp.gov.br\/noticias\/wp-json\/wp\/v2\/posts\/33967\/revisions\/33969"}],"wp:featuredmedia":[{"embeddable":true,"href":"https:\/\/cajamar.sp.gov.br\/noticias\/wp-json\/wp\/v2\/media\/33968"}],"wp:attachment":[{"href":"https:\/\/cajamar.sp.gov.br\/noticias\/wp-json\/wp\/v2\/media?parent=33967"}],"wp:term":[{"taxonomy":"category","embeddable":true,"href":"https:\/\/cajamar.sp.gov.br\/noticias\/wp-json\/wp\/v2\/categories?post=33967"},{"taxonomy":"post_tag","embeddable":true,"href":"https:\/\/cajamar.sp.gov.br\/noticias\/wp-json\/wp\/v2\/tags?post=33967"},{"taxonomy":"posicao","embeddable":true,"href":"https:\/\/cajamar.sp.gov.br\/noticias\/wp-json\/wp\/v2\/posicao?post=33967"}],"curies":[{"name":"wp","href":"https:\/\/api.w.org\/{rel}","templated":true}]}}