{"id":34181,"date":"2024-01-02T14:44:18","date_gmt":"2024-01-02T17:44:18","guid":{"rendered":"https:\/\/cajamar.sp.gov.br\/noticias\/?p=34181"},"modified":"2024-01-02T14:44:18","modified_gmt":"2024-01-02T17:44:18","slug":"janeiro-branco-cuide-da-saude-mental-enquanto-ha-tempo","status":"publish","type":"post","link":"https:\/\/cajamar.sp.gov.br\/noticias\/2024\/01\/02\/janeiro-branco-cuide-da-saude-mental-enquanto-ha-tempo\/","title":{"rendered":"Janeiro Branco: Cuide da sa\u00fade mental enquanto h\u00e1 tempo!"},"content":{"rendered":"\n<figure class=\"wp-block-image size-full\"><img fetchpriority=\"high\" decoding=\"async\" width=\"1200\" height=\"900\" src=\"https:\/\/cajamar.sp.gov.br\/noticias\/wp-content\/uploads\/sites\/2\/2024\/01\/image.png\" alt=\"\" class=\"wp-image-34182\" srcset=\"https:\/\/cajamar.sp.gov.br\/noticias\/wp-content\/uploads\/sites\/2\/2024\/01\/image.png 1200w, https:\/\/cajamar.sp.gov.br\/noticias\/wp-content\/uploads\/sites\/2\/2024\/01\/image-300x225.png 300w, https:\/\/cajamar.sp.gov.br\/noticias\/wp-content\/uploads\/sites\/2\/2024\/01\/image-768x576.png 768w\" sizes=\"(max-width: 1200px) 100vw, 1200px\" \/><\/figure>\n\n\n\n<p>O primeiro m\u00eas do ano \u00e9 marcado pela campanha Janeiro Branco, que tem como principal objetivo discutir a sa\u00fade mental e emocional, que tem grande impacto na qualidade de vida da popula\u00e7\u00e3o. \u00c9 no come\u00e7o de cada Ano Novo que as pessoas se sentem inspiradas a refletir sobre o passado, o presente e o futuro das suas vidas e das suas rela\u00e7\u00f5es.<\/p>\n\n\n\n<p>A Campanha Janeiro Branco acontece desde 2014, uma iniciativa social criada com o objetivo de construir uma cultura da Sa\u00fade Mental na humanidade, trabalhando pela psicoeduca\u00e7\u00e3o dos indiv\u00edduos e pela cria\u00e7\u00e3o de pol\u00edticas p\u00fablicas dedicadas \u00e0s necessidades psicossociais da Sa\u00fade Mental.<\/p>\n\n\n\n<p>Para intensificar as a\u00e7\u00f5es da Campanha Janeiro Branco, ao longo do m\u00eas a Secretaria de Sa\u00fade de Cajamar ir\u00e1 promover diversas atividades para a popula\u00e7\u00e3o, como rodas de conversas nas unidades de sa\u00fade, palestras sobre o tema e oficinas terap\u00eauticas.<\/p>\n\n\n\n<p>Quem quiser saber mais sobre o Janeiro Branco, ou aderir ao movimento, pode acessar o site oficial da Campanha (<a href=\"http:\/\/www.janeirobranco.com.br\" target=\"_blank\" rel=\"noreferrer noopener\">http:\/\/www.janeirobranco.com.br<\/a>).<\/p>\n","protected":false},"excerpt":{"rendered":"<p>A Campanha Janeiro Branco acontece desde 2014, e tem como objetivo debater import\u00e2ncia da Sa\u00fade Mental nas rela\u00e7\u00f5es humanas<\/p>\n","protected":false},"author":23,"featured_media":34182,"comment_status":"closed","ping_status":"0","sticky":true,"template":"","format":"standard","meta":{"footnotes":""},"categories":[2],"tags":[1798,2131,2132,2133,933],"posicao":[28],"class_list":["post-34181","post","type-post","status-publish","format-standard","has-post-thumbnail","hentry","category-saude","tag-janeiro-branco","tag-psicologia","tag-rodas-de-conversa","tag-sanidade-mental","tag-saude-mental","posicao-destaque"],"_links":{"self":[{"href":"https:\/\/cajamar.sp.gov.br\/noticias\/wp-json\/wp\/v2\/posts\/34181","targetHints":{"allow":["GET"]}}],"collection":[{"href":"https:\/\/cajamar.sp.gov.br\/noticias\/wp-json\/wp\/v2\/posts"}],"about":[{"href":"https:\/\/cajamar.sp.gov.br\/noticias\/wp-json\/wp\/v2\/types\/post"}],"author":[{"embeddable":true,"href":"https:\/\/cajamar.sp.gov.br\/noticias\/wp-json\/wp\/v2\/users\/23"}],"replies":[{"embeddable":true,"href":"https:\/\/cajamar.sp.gov.br\/noticias\/wp-json\/wp\/v2\/comments?post=34181"}],"version-history":[{"count":1,"href":"https:\/\/cajamar.sp.gov.br\/noticias\/wp-json\/wp\/v2\/posts\/34181\/revisions"}],"predecessor-version":[{"id":34183,"href":"https:\/\/cajamar.sp.gov.br\/noticias\/wp-json\/wp\/v2\/posts\/34181\/revisions\/34183"}],"wp:featuredmedia":[{"embeddable":true,"href":"https:\/\/cajamar.sp.gov.br\/noticias\/wp-json\/wp\/v2\/media\/34182"}],"wp:attachment":[{"href":"https:\/\/cajamar.sp.gov.br\/noticias\/wp-json\/wp\/v2\/media?parent=34181"}],"wp:term":[{"taxonomy":"category","embeddable":true,"href":"https:\/\/cajamar.sp.gov.br\/noticias\/wp-json\/wp\/v2\/categories?post=34181"},{"taxonomy":"post_tag","embeddable":true,"href":"https:\/\/cajamar.sp.gov.br\/noticias\/wp-json\/wp\/v2\/tags?post=34181"},{"taxonomy":"posicao","embeddable":true,"href":"https:\/\/cajamar.sp.gov.br\/noticias\/wp-json\/wp\/v2\/posicao?post=34181"}],"curies":[{"name":"wp","href":"https:\/\/api.w.org\/{rel}","templated":true}]}}