{"id":34723,"date":"2024-03-07T11:23:12","date_gmt":"2024-03-07T14:23:12","guid":{"rendered":"https:\/\/cajamar.sp.gov.br\/noticias\/?p=34723"},"modified":"2024-03-07T11:23:12","modified_gmt":"2024-03-07T14:23:12","slug":"entrega-de-16-vans-adaptadas-colegio-do-futuro-%f0%9f%91%8f","status":"publish","type":"post","link":"https:\/\/cajamar.sp.gov.br\/noticias\/2024\/03\/07\/entrega-de-16-vans-adaptadas-colegio-do-futuro-%f0%9f%91%8f\/","title":{"rendered":"ENTREGA DE 16 VANS ADAPTADAS &#8211; COL\u00c9GIO DO FUTURO! \ud83d\udc4f"},"content":{"rendered":"\n<figure class=\"wp-block-image size-large\"><img fetchpriority=\"high\" decoding=\"async\" width=\"1280\" height=\"748\" src=\"https:\/\/cajamar.sp.gov.br\/noticias\/wp-content\/uploads\/sites\/2\/2024\/03\/image-4-1280x748.png\" alt=\"\" class=\"wp-image-34724\" srcset=\"https:\/\/cajamar.sp.gov.br\/noticias\/wp-content\/uploads\/sites\/2\/2024\/03\/image-4-1280x748.png 1280w, https:\/\/cajamar.sp.gov.br\/noticias\/wp-content\/uploads\/sites\/2\/2024\/03\/image-4-768x449.png 768w, https:\/\/cajamar.sp.gov.br\/noticias\/wp-content\/uploads\/sites\/2\/2024\/03\/image-4-1536x898.png 1536w, https:\/\/cajamar.sp.gov.br\/noticias\/wp-content\/uploads\/sites\/2\/2024\/03\/image-4.png 1774w\" sizes=\"(max-width: 1280px) 100vw, 1280px\" \/><\/figure>\n\n\n\n<p>\ud83d\ude8c Com equipamentos de seguran\u00e7a e ar-condicionado, agora as crian\u00e7as com defici\u00eancia ou mesmo algum Transtorno Global do Desenvolvimento mais severo, poder\u00e3o ir para a escola sem nenhum tipo de sofrimento. \u00c9 uma vit\u00f3ria para as m\u00e3es, para nossos alunos e para todos que lutam pela inclus\u00e3o e acessibilidade.<\/p>\n\n\n\n<p>\ud83d\udcda Acreditamos que todos os alunos merecem uma educa\u00e7\u00e3o de qualidade, e essa iniciativa \u00e9 mais uma conquista que refor\u00e7a nosso compromisso com a igualdade de oportunidades para todos. \ud83d\udc99 #Inclus\u00e3o #Acessibilidade #Col\u00e9gioDoFuturo #PrefeituraDeCajamar<\/p>\n","protected":false},"excerpt":{"rendered":"<p>\u25b6\ufe0f A Prefeitura de Cajamar, por meio da Secretaria de Educa\u00e7\u00e3o, acaba de realizar uma entrega que vai impactar positivamente a vida de mais de 250 alunos do Col\u00e9gio do Futuro. S\u00e3o 16 vans escolares totalmente equipadas e adaptadas, com foco na seguran\u00e7a e conforto dos nossos pequenos estudantes.<\/p>\n","protected":false},"author":34,"featured_media":34724,"comment_status":"closed","ping_status":"0","sticky":true,"template":"","format":"standard","meta":{"footnotes":""},"categories":[8],"tags":[2215],"posicao":[28],"class_list":["post-34723","post","type-post","status-publish","format-standard","has-post-thumbnail","hentry","category-educacao","tag-vans-adaptadas","posicao-destaque"],"_links":{"self":[{"href":"https:\/\/cajamar.sp.gov.br\/noticias\/wp-json\/wp\/v2\/posts\/34723","targetHints":{"allow":["GET"]}}],"collection":[{"href":"https:\/\/cajamar.sp.gov.br\/noticias\/wp-json\/wp\/v2\/posts"}],"about":[{"href":"https:\/\/cajamar.sp.gov.br\/noticias\/wp-json\/wp\/v2\/types\/post"}],"author":[{"embeddable":true,"href":"https:\/\/cajamar.sp.gov.br\/noticias\/wp-json\/wp\/v2\/users\/34"}],"replies":[{"embeddable":true,"href":"https:\/\/cajamar.sp.gov.br\/noticias\/wp-json\/wp\/v2\/comments?post=34723"}],"version-history":[{"count":1,"href":"https:\/\/cajamar.sp.gov.br\/noticias\/wp-json\/wp\/v2\/posts\/34723\/revisions"}],"predecessor-version":[{"id":34725,"href":"https:\/\/cajamar.sp.gov.br\/noticias\/wp-json\/wp\/v2\/posts\/34723\/revisions\/34725"}],"wp:featuredmedia":[{"embeddable":true,"href":"https:\/\/cajamar.sp.gov.br\/noticias\/wp-json\/wp\/v2\/media\/34724"}],"wp:attachment":[{"href":"https:\/\/cajamar.sp.gov.br\/noticias\/wp-json\/wp\/v2\/media?parent=34723"}],"wp:term":[{"taxonomy":"category","embeddable":true,"href":"https:\/\/cajamar.sp.gov.br\/noticias\/wp-json\/wp\/v2\/categories?post=34723"},{"taxonomy":"post_tag","embeddable":true,"href":"https:\/\/cajamar.sp.gov.br\/noticias\/wp-json\/wp\/v2\/tags?post=34723"},{"taxonomy":"posicao","embeddable":true,"href":"https:\/\/cajamar.sp.gov.br\/noticias\/wp-json\/wp\/v2\/posicao?post=34723"}],"curies":[{"name":"wp","href":"https:\/\/api.w.org\/{rel}","templated":true}]}}