{"id":34774,"date":"2024-03-13T10:47:06","date_gmt":"2024-03-13T13:47:06","guid":{"rendered":"https:\/\/cajamar.sp.gov.br\/noticias\/?p=34774"},"modified":"2024-03-13T10:47:06","modified_gmt":"2024-03-13T13:47:06","slug":"cafe-com-conversa-fundo-social-promove-palestra-em-homenagem-as-mulheres","status":"publish","type":"post","link":"https:\/\/cajamar.sp.gov.br\/noticias\/2024\/03\/13\/cafe-com-conversa-fundo-social-promove-palestra-em-homenagem-as-mulheres\/","title":{"rendered":"Caf\u00e9 com conversa: Fundo Social promove palestra em homenagem as mulheres"},"content":{"rendered":"\n<figure class=\"wp-block-image size-full\"><img fetchpriority=\"high\" decoding=\"async\" width=\"1280\" height=\"920\" src=\"https:\/\/cajamar.sp.gov.br\/noticias\/wp-content\/uploads\/sites\/2\/2024\/03\/image-10.png\" alt=\"\" class=\"wp-image-34775\" srcset=\"https:\/\/cajamar.sp.gov.br\/noticias\/wp-content\/uploads\/sites\/2\/2024\/03\/image-10.png 1280w, https:\/\/cajamar.sp.gov.br\/noticias\/wp-content\/uploads\/sites\/2\/2024\/03\/image-10-768x552.png 768w\" sizes=\"(max-width: 1280px) 100vw, 1280px\" \/><\/figure>\n\n\n\n<p>No dia 19 de mar\u00e7o (ter\u00e7a-feira), a partir das 18h, o Fundo Social de Solidariedade ir\u00e1 promover mais uma edi\u00e7\u00e3o do \u2018Caf\u00e9 com Conversa\u2019 na sede do Fundo Social, localizada na Av. Arnaldo Rojek n\u00ba 403, em Jordan\u00e9sia.<\/p>\n\n\n\n<p>O encontro ser\u00e1 comandado pela palestrante Paloma Ara\u00fajo, acompanhada pela psic\u00f3loga Rita, que ir\u00e1 abordar o tema \u201cSer Mulher\u201d, com foco em experi\u00eancias femininas. Ser\u00e3o explorados desafios, conquistas e quest\u00f5es espec\u00edficas enfrentadas pelas mulheres.<\/p>\n\n\n\n<p>A iniciativa tem como objetivo promover a sororidade, compartilhando viv\u00eancias e discutindo estrat\u00e9gias para fortalecer o papel da mulher em todos os \u00e2mbitos da vida.<\/p>\n\n\n\n<p>N\u00e3o fique de fora! Para participar, inscreva-se atrav\u00e9s do telefone (11) 4446-0032. Venha fazer parte desta noite especial de celebra\u00e7\u00e3o e empoderamento feminino. Esperamos por voc\u00ea!<\/p>\n","protected":false},"excerpt":{"rendered":"<p>O encontro ser\u00e1 realizado na pr\u00f3xima ter\u00e7a-feira (19), a partir das 18h<\/p>\n","protected":false},"author":34,"featured_media":34775,"comment_status":"closed","ping_status":"0","sticky":true,"template":"","format":"standard","meta":{"footnotes":""},"categories":[16],"tags":[1857,117],"posicao":[28],"class_list":["post-34774","post","type-post","status-publish","format-standard","has-post-thumbnail","hentry","category-fundo-social-cajamar","tag-cafe-com-conversa","tag-fundo-social","posicao-destaque"],"_links":{"self":[{"href":"https:\/\/cajamar.sp.gov.br\/noticias\/wp-json\/wp\/v2\/posts\/34774","targetHints":{"allow":["GET"]}}],"collection":[{"href":"https:\/\/cajamar.sp.gov.br\/noticias\/wp-json\/wp\/v2\/posts"}],"about":[{"href":"https:\/\/cajamar.sp.gov.br\/noticias\/wp-json\/wp\/v2\/types\/post"}],"author":[{"embeddable":true,"href":"https:\/\/cajamar.sp.gov.br\/noticias\/wp-json\/wp\/v2\/users\/34"}],"replies":[{"embeddable":true,"href":"https:\/\/cajamar.sp.gov.br\/noticias\/wp-json\/wp\/v2\/comments?post=34774"}],"version-history":[{"count":1,"href":"https:\/\/cajamar.sp.gov.br\/noticias\/wp-json\/wp\/v2\/posts\/34774\/revisions"}],"predecessor-version":[{"id":34776,"href":"https:\/\/cajamar.sp.gov.br\/noticias\/wp-json\/wp\/v2\/posts\/34774\/revisions\/34776"}],"wp:featuredmedia":[{"embeddable":true,"href":"https:\/\/cajamar.sp.gov.br\/noticias\/wp-json\/wp\/v2\/media\/34775"}],"wp:attachment":[{"href":"https:\/\/cajamar.sp.gov.br\/noticias\/wp-json\/wp\/v2\/media?parent=34774"}],"wp:term":[{"taxonomy":"category","embeddable":true,"href":"https:\/\/cajamar.sp.gov.br\/noticias\/wp-json\/wp\/v2\/categories?post=34774"},{"taxonomy":"post_tag","embeddable":true,"href":"https:\/\/cajamar.sp.gov.br\/noticias\/wp-json\/wp\/v2\/tags?post=34774"},{"taxonomy":"posicao","embeddable":true,"href":"https:\/\/cajamar.sp.gov.br\/noticias\/wp-json\/wp\/v2\/posicao?post=34774"}],"curies":[{"name":"wp","href":"https:\/\/api.w.org\/{rel}","templated":true}]}}