{"id":34993,"date":"2024-04-10T14:04:30","date_gmt":"2024-04-10T17:04:30","guid":{"rendered":"https:\/\/cajamar.sp.gov.br\/noticias\/?p=34993"},"modified":"2024-04-10T14:04:30","modified_gmt":"2024-04-10T17:04:30","slug":"cajamar-promove-dia-d-de-vacinacao-contra-gripe-e-multivacinacao-neste-sabado-13","status":"publish","type":"post","link":"https:\/\/cajamar.sp.gov.br\/noticias\/2024\/04\/10\/cajamar-promove-dia-d-de-vacinacao-contra-gripe-e-multivacinacao-neste-sabado-13\/","title":{"rendered":"Cajamar promove Dia D de vacina\u00e7\u00e3o contra gripe e multivacina\u00e7\u00e3o neste s\u00e1bado (13)"},"content":{"rendered":"\n<figure class=\"wp-block-image size-full\"><img fetchpriority=\"high\" decoding=\"async\" width=\"1000\" height=\"700\" src=\"https:\/\/cajamar.sp.gov.br\/noticias\/wp-content\/uploads\/sites\/2\/2024\/04\/image-10.png\" alt=\"\" class=\"wp-image-34994\" srcset=\"https:\/\/cajamar.sp.gov.br\/noticias\/wp-content\/uploads\/sites\/2\/2024\/04\/image-10.png 1000w, https:\/\/cajamar.sp.gov.br\/noticias\/wp-content\/uploads\/sites\/2\/2024\/04\/image-10-768x538.png 768w\" sizes=\"(max-width: 1000px) 100vw, 1000px\" \/><\/figure>\n\n\n\n<p>A Prefeitura de Cajamar, atrav\u00e9s da Secretaria Municipal da Sa\u00fade, informa que no pr\u00f3ximo s\u00e1bado (13), das 8 \u00e0s 17h, teremos mais um Dia D de vacina\u00e7\u00e3o contra gripe e multivacina\u00e7\u00e3o.<\/p>\n\n\n\n<p>Ser\u00e3o aplicadas todas as vacinas recomendadas para todas as faixas et\u00e1rias, de acordo com o Plano Nacional de Imuniza\u00e7\u00e3o, mediante an\u00e1lise da caderneta.<\/p>\n\n\n\n<p>A medida tem como intuito atualizar a caderneta de vacina\u00e7\u00e3o de todos que est\u00e3o com algum tipo de vacina em atraso, ressaltando a import\u00e2ncia de manter o calend\u00e1rio vacinal em dia.<\/p>\n\n\n\n<p>Al\u00e9m disso, neste dia estar\u00e1 acontecendo a Campanha de Vacina\u00e7\u00e3o contra a gripe (Influenza). Veja a lista completa dos grupos priorit\u00e1rios:<\/p>\n\n\n\n<ul class=\"wp-block-list\">\n<li>Pessoas de 60 anos e mais<\/li>\n\n\n\n<li>Crian\u00e7as de 6 meses a &lt; 6 anos<\/li>\n\n\n\n<li>Gestantes\/Pu\u00e9rperas<\/li>\n\n\n\n<li>Ind\u00edgenas\/Quilombolas<\/li>\n\n\n\n<li>Trabalhadores da sa\u00fade<\/li>\n\n\n\n<li>Comorbidades<\/li>\n\n\n\n<li>Professores<\/li>\n\n\n\n<li>For\u00e7as Armadas<\/li>\n\n\n\n<li>Pessoas em situa\u00e7\u00e3o de rua<\/li>\n\n\n\n<li>Caminhoneiros<\/li>\n\n\n\n<li>Trabalhadores portu\u00e1rios<\/li>\n\n\n\n<li>Pessoas com defici\u00eancia permanente<\/li>\n\n\n\n<li>Trabalhadores de transporte coletivo rodovi\u00e1rio<\/li>\n\n\n\n<li>For\u00e7as de Seguran\u00e7a e Salvamento<\/li>\n\n\n\n<li>Ind\u00edgenas vivendo fora das terras ind\u00edgenas\/Ind\u00edgenas vivendo em terra<\/li>\n\n\n\n<li>Adolescentes em medidas socioeducativas (menores de 18 anos)<\/li>\n\n\n\n<li>Popula\u00e7\u00e3o privada de liberdade (18 anos e mais)\/Funcion\u00e1rio do Sistema de Priva\u00e7\u00e3o de Liberdade<\/li>\n<\/ul>\n\n\n\n<p>Para se vacinar \u00e9 necess\u00e1rio ir at\u00e9 um dos Polos de Vacina\u00e7\u00e3o mais pr\u00f3ximos de sua resid\u00eancia com a carteira de vacina\u00e7\u00e3o, documento com foto, CPF e cart\u00e3o do SUS.<\/p>\n\n\n\n<p>Confira os Polos de Atendimento dispon\u00edveis e mantenha suas imuniza\u00e7\u00f5es em dia:<\/p>\n\n\n\n<p>UBS Enf. Carlos Moreira da Silva<br>Av. Dr. Ant\u00f4nio Jo\u00e3o Abdalla, 850 &#8211; Jordan\u00e9sia<\/p>\n\n\n\n<p>UBS Enf. Leontina Martins Fran\u00e7a<br>Av. Dr. Jose Luiz Leme Maciel n\u00ba 179 \u2013 Pq. S\u00e3o Roberto<\/p>\n\n\n\n<p>UBS Dra. Izabel Gratieri<br>Rua Timburi, 121 \u2013 Polvilho<\/p>\n\n\n\n<p>ESF Ver. Joaquim Alves de Castro<br>Av. Prof. Walter Ribas de Andrade, 554 \u2013 Centro<\/p>\n\n\n\n<p>ESF Manoel In\u00e1cio da Silva<br>Av. das Jurutis n\u00ba 385 \u2013 Parque Para\u00edso<\/p>\n\n\n\n<p>ESF KM Nad\u00edlia de Oliveira Santos<br>Rua Bela Vista, 1200 \u2013 S\u00e3o Benedito\/Km 43<\/p>\n\n\n\n<p>ESF Maria Aparecida Miss\u00e9<br>Rua Joaquim Rodrigues Pontes n\u00ba 203 \u2013 Ponunduva<\/p>\n","protected":false},"excerpt":{"rendered":"<p>A iniciativa tem como intuito atualizar a caderneta de vacina\u00e7\u00e3o de todos que est\u00e3o com algum tipo de vacina em atraso<\/p>\n","protected":false},"author":34,"featured_media":34994,"comment_status":"closed","ping_status":"0","sticky":true,"template":"","format":"standard","meta":{"footnotes":""},"categories":[2],"tags":[2236,162],"posicao":[28],"class_list":["post-34993","post","type-post","status-publish","format-standard","has-post-thumbnail","hentry","category-saude","tag-secretaria-municipal-de-saude","tag-vacinacao","posicao-destaque"],"_links":{"self":[{"href":"https:\/\/cajamar.sp.gov.br\/noticias\/wp-json\/wp\/v2\/posts\/34993","targetHints":{"allow":["GET"]}}],"collection":[{"href":"https:\/\/cajamar.sp.gov.br\/noticias\/wp-json\/wp\/v2\/posts"}],"about":[{"href":"https:\/\/cajamar.sp.gov.br\/noticias\/wp-json\/wp\/v2\/types\/post"}],"author":[{"embeddable":true,"href":"https:\/\/cajamar.sp.gov.br\/noticias\/wp-json\/wp\/v2\/users\/34"}],"replies":[{"embeddable":true,"href":"https:\/\/cajamar.sp.gov.br\/noticias\/wp-json\/wp\/v2\/comments?post=34993"}],"version-history":[{"count":1,"href":"https:\/\/cajamar.sp.gov.br\/noticias\/wp-json\/wp\/v2\/posts\/34993\/revisions"}],"predecessor-version":[{"id":34995,"href":"https:\/\/cajamar.sp.gov.br\/noticias\/wp-json\/wp\/v2\/posts\/34993\/revisions\/34995"}],"wp:featuredmedia":[{"embeddable":true,"href":"https:\/\/cajamar.sp.gov.br\/noticias\/wp-json\/wp\/v2\/media\/34994"}],"wp:attachment":[{"href":"https:\/\/cajamar.sp.gov.br\/noticias\/wp-json\/wp\/v2\/media?parent=34993"}],"wp:term":[{"taxonomy":"category","embeddable":true,"href":"https:\/\/cajamar.sp.gov.br\/noticias\/wp-json\/wp\/v2\/categories?post=34993"},{"taxonomy":"post_tag","embeddable":true,"href":"https:\/\/cajamar.sp.gov.br\/noticias\/wp-json\/wp\/v2\/tags?post=34993"},{"taxonomy":"posicao","embeddable":true,"href":"https:\/\/cajamar.sp.gov.br\/noticias\/wp-json\/wp\/v2\/posicao?post=34993"}],"curies":[{"name":"wp","href":"https:\/\/api.w.org\/{rel}","templated":true}]}}