{"id":35114,"date":"2024-04-30T08:31:09","date_gmt":"2024-04-30T11:31:09","guid":{"rendered":"https:\/\/cajamar.sp.gov.br\/noticias\/?p=35114"},"modified":"2024-04-30T08:31:09","modified_gmt":"2024-04-30T11:31:09","slug":"final-da-copa-dos-trabalhadores-futsal-acontece-nesta-terca-feira-30","status":"publish","type":"post","link":"https:\/\/cajamar.sp.gov.br\/noticias\/2024\/04\/30\/final-da-copa-dos-trabalhadores-futsal-acontece-nesta-terca-feira-30\/","title":{"rendered":"Final da Copa dos Trabalhadores Futsal acontece nesta ter\u00e7a-feira (30)"},"content":{"rendered":"\n<figure class=\"wp-block-image size-full\"><img fetchpriority=\"high\" decoding=\"async\" width=\"1200\" height=\"627\" src=\"https:\/\/cajamar.sp.gov.br\/noticias\/wp-content\/uploads\/sites\/2\/2024\/04\/image-30.png\" alt=\"\" class=\"wp-image-35115\" srcset=\"https:\/\/cajamar.sp.gov.br\/noticias\/wp-content\/uploads\/sites\/2\/2024\/04\/image-30.png 1200w, https:\/\/cajamar.sp.gov.br\/noticias\/wp-content\/uploads\/sites\/2\/2024\/04\/image-30-768x401.png 768w\" sizes=\"(max-width: 1200px) 100vw, 1200px\" \/><\/figure>\n\n\n\n<p>Nesta ter\u00e7a-feira (30), acontece a grande final da Copa dos Trabalhadores Futsal (Veterano e Livre) de Cajamar. O evento est\u00e1 sendo organizado pela Secretaria de Esportes, Lazer e Cultura e ser\u00e1 realizado no Parque Cajamar Feliz, em Jordan\u00e9sia.<\/p>\n\n\n\n<p>A disputa ter\u00e1 in\u00edcio \u00e0s 19h30, com a competi\u00e7\u00e3o entre as equipes BYG Transequip x Renner Sayerlack (veteranos), em seguida, ter\u00e1 a disputa entre Multiplic x Layher (livre). Os espectadores ter\u00e3o a oportunidade de presenciar momentos de pura emo\u00e7\u00e3o e habilidade em uma emocionante disputa entre as equipes finalistas.<\/p>\n\n\n\n<p>Re\u00fana sua torcida e participe! Contamos com a presen\u00e7a de todos para tornar este evento um verdadeiro sucesso!<\/p>\n\n\n\n<p>FINAL DA COPA DOS TRABALHADORES FUTSAL<\/p>\n\n\n\n<p>30\/04 (ter\u00e7a-feira)<br>19h30: BYG Transequip x Renner Sayerlack (veteranos)<br>20h30: Multiplic x Layher (livre)<br>Gin\u00e1sio Ant\u00f4nio Carlos Tramassi<\/p>\n","protected":false},"excerpt":{"rendered":"<p>A partida ter\u00e1 in\u00edcio \u00e0s 19h30 no Gin\u00e1sio de Esportes Ant\u00f4nio Carlos Tramassi<\/p>\n","protected":false},"author":34,"featured_media":35115,"comment_status":"closed","ping_status":"0","sticky":true,"template":"","format":"standard","meta":{"footnotes":""},"categories":[36],"tags":[1308,1371,1756],"posicao":[28],"class_list":["post-35114","post","type-post","status-publish","format-standard","has-post-thumbnail","hentry","category-esportes-lazer-e-cultura","tag-copa-dos-trabalhadores","tag-final","tag-futsal","posicao-destaque"],"_links":{"self":[{"href":"https:\/\/cajamar.sp.gov.br\/noticias\/wp-json\/wp\/v2\/posts\/35114","targetHints":{"allow":["GET"]}}],"collection":[{"href":"https:\/\/cajamar.sp.gov.br\/noticias\/wp-json\/wp\/v2\/posts"}],"about":[{"href":"https:\/\/cajamar.sp.gov.br\/noticias\/wp-json\/wp\/v2\/types\/post"}],"author":[{"embeddable":true,"href":"https:\/\/cajamar.sp.gov.br\/noticias\/wp-json\/wp\/v2\/users\/34"}],"replies":[{"embeddable":true,"href":"https:\/\/cajamar.sp.gov.br\/noticias\/wp-json\/wp\/v2\/comments?post=35114"}],"version-history":[{"count":1,"href":"https:\/\/cajamar.sp.gov.br\/noticias\/wp-json\/wp\/v2\/posts\/35114\/revisions"}],"predecessor-version":[{"id":35116,"href":"https:\/\/cajamar.sp.gov.br\/noticias\/wp-json\/wp\/v2\/posts\/35114\/revisions\/35116"}],"wp:featuredmedia":[{"embeddable":true,"href":"https:\/\/cajamar.sp.gov.br\/noticias\/wp-json\/wp\/v2\/media\/35115"}],"wp:attachment":[{"href":"https:\/\/cajamar.sp.gov.br\/noticias\/wp-json\/wp\/v2\/media?parent=35114"}],"wp:term":[{"taxonomy":"category","embeddable":true,"href":"https:\/\/cajamar.sp.gov.br\/noticias\/wp-json\/wp\/v2\/categories?post=35114"},{"taxonomy":"post_tag","embeddable":true,"href":"https:\/\/cajamar.sp.gov.br\/noticias\/wp-json\/wp\/v2\/tags?post=35114"},{"taxonomy":"posicao","embeddable":true,"href":"https:\/\/cajamar.sp.gov.br\/noticias\/wp-json\/wp\/v2\/posicao?post=35114"}],"curies":[{"name":"wp","href":"https:\/\/api.w.org\/{rel}","templated":true}]}}