{"id":35164,"date":"2024-05-10T09:34:46","date_gmt":"2024-05-10T12:34:46","guid":{"rendered":"https:\/\/cajamar.sp.gov.br\/noticias\/?p=35164"},"modified":"2024-05-10T09:34:46","modified_gmt":"2024-05-10T12:34:46","slug":"participe-da-palestra-em-celebracao-ao-dia-da-luta-antimanicomial","status":"publish","type":"post","link":"https:\/\/cajamar.sp.gov.br\/noticias\/2024\/05\/10\/participe-da-palestra-em-celebracao-ao-dia-da-luta-antimanicomial\/","title":{"rendered":"Participe da palestra em celebra\u00e7\u00e3o ao Dia da Luta Antimanicomial"},"content":{"rendered":"\n<figure class=\"wp-block-image size-large\"><a href=\"https:\/\/cajamar.sp.gov.br\/noticias\/wp-content\/uploads\/sites\/2\/2024\/05\/image-3.png\"><img fetchpriority=\"high\" decoding=\"async\" width=\"1280\" height=\"670\" src=\"https:\/\/cajamar.sp.gov.br\/noticias\/wp-content\/uploads\/sites\/2\/2024\/05\/image-3-1280x670.png\" alt=\"\" class=\"wp-image-35165\" srcset=\"https:\/\/cajamar.sp.gov.br\/noticias\/wp-content\/uploads\/sites\/2\/2024\/05\/image-3-1280x670.png 1280w, https:\/\/cajamar.sp.gov.br\/noticias\/wp-content\/uploads\/sites\/2\/2024\/05\/image-3-768x402.png 768w, https:\/\/cajamar.sp.gov.br\/noticias\/wp-content\/uploads\/sites\/2\/2024\/05\/image-3-1536x804.png 1536w, https:\/\/cajamar.sp.gov.br\/noticias\/wp-content\/uploads\/sites\/2\/2024\/05\/image-3.png 1600w\" sizes=\"(max-width: 1280px) 100vw, 1280px\" \/><\/a><\/figure>\n\n\n\n<p>No pr\u00f3ximo dia 22 de maio, a Secretaria de Sa\u00fade de Cajamar promover\u00e1 uma palestra intitulada &#8220;Holocausto Brasileiro&#8221;, que ser\u00e1 ministrada pela renomada jornalista brasileira Daniela Arbex. Este evento faz parte das atividades em comemora\u00e7\u00e3o ao Dia da Luta Antimanicomial, celebrado em 18 de maio.<\/p>\n\n\n\n<p>A palestra ser\u00e1 realizada a partir das 9h30, na C\u00e2mara Municipal de Cajamar, e ser\u00e1 uma oportunidade \u00fanica para refletir sobre quest\u00f5es essenciais relacionadas \u00e0 sa\u00fade mental e \u00e0 hist\u00f3ria brasileira. A jornalista Daniela Arbex, conhecida por seu trabalho investigativo e compromisso com a verdade, conduzir\u00e1 a palestra e promete uma abordagem profunda e esclarecedora sobre o tema.<\/p>\n\n\n\n<p>Inscreva-se J\u00e1! ser\u00e3o disponibilizadas 120 vagas. As inscri\u00e7\u00f5es para o evento podem ser feitas atrav\u00e9s do link: <a href=\"https:\/\/bit.ly\/4bscrNk\">https:\/\/bit.ly\/4bscrNk<\/a><\/p>\n\n\n\n<p>N\u00e3o perca a chance de participar deste momento enriquecedor e contribuir para a conscientiza\u00e7\u00e3o e reflex\u00e3o sobre a import\u00e2ncia da luta antimanicomial.<\/p>\n\n\n\n<p>Contamos com a sua presen\u00e7a!<\/p>\n\n\n\n<p>Palestra: &#8220;Holocausto Brasileiro&#8221;<br>Data: 22 de Maio de 2024 (quarta-feira)<br>Hor\u00e1rio: 09h30<br>Local: C\u00e2mara Municipal de Cajamar<\/p>\n","protected":false},"excerpt":{"rendered":"<p>Para participar, \u00e9 necess\u00e1rio se inscrever atrav\u00e9s do link: https:\/\/bit.ly\/4bscrNk<\/p>\n","protected":false},"author":34,"featured_media":35165,"comment_status":"closed","ping_status":"0","sticky":true,"template":"","format":"standard","meta":{"footnotes":""},"categories":[2],"tags":[395,2247,105],"posicao":[28],"class_list":["post-35164","post","type-post","status-publish","format-standard","has-post-thumbnail","hentry","category-saude","tag-educacao","tag-holocausto-brasileiro","tag-saude","posicao-destaque"],"_links":{"self":[{"href":"https:\/\/cajamar.sp.gov.br\/noticias\/wp-json\/wp\/v2\/posts\/35164","targetHints":{"allow":["GET"]}}],"collection":[{"href":"https:\/\/cajamar.sp.gov.br\/noticias\/wp-json\/wp\/v2\/posts"}],"about":[{"href":"https:\/\/cajamar.sp.gov.br\/noticias\/wp-json\/wp\/v2\/types\/post"}],"author":[{"embeddable":true,"href":"https:\/\/cajamar.sp.gov.br\/noticias\/wp-json\/wp\/v2\/users\/34"}],"replies":[{"embeddable":true,"href":"https:\/\/cajamar.sp.gov.br\/noticias\/wp-json\/wp\/v2\/comments?post=35164"}],"version-history":[{"count":1,"href":"https:\/\/cajamar.sp.gov.br\/noticias\/wp-json\/wp\/v2\/posts\/35164\/revisions"}],"predecessor-version":[{"id":35166,"href":"https:\/\/cajamar.sp.gov.br\/noticias\/wp-json\/wp\/v2\/posts\/35164\/revisions\/35166"}],"wp:featuredmedia":[{"embeddable":true,"href":"https:\/\/cajamar.sp.gov.br\/noticias\/wp-json\/wp\/v2\/media\/35165"}],"wp:attachment":[{"href":"https:\/\/cajamar.sp.gov.br\/noticias\/wp-json\/wp\/v2\/media?parent=35164"}],"wp:term":[{"taxonomy":"category","embeddable":true,"href":"https:\/\/cajamar.sp.gov.br\/noticias\/wp-json\/wp\/v2\/categories?post=35164"},{"taxonomy":"post_tag","embeddable":true,"href":"https:\/\/cajamar.sp.gov.br\/noticias\/wp-json\/wp\/v2\/tags?post=35164"},{"taxonomy":"posicao","embeddable":true,"href":"https:\/\/cajamar.sp.gov.br\/noticias\/wp-json\/wp\/v2\/posicao?post=35164"}],"curies":[{"name":"wp","href":"https:\/\/api.w.org\/{rel}","templated":true}]}}