{"id":35177,"date":"2024-05-13T14:30:58","date_gmt":"2024-05-13T17:30:58","guid":{"rendered":"https:\/\/cajamar.sp.gov.br\/noticias\/?p=35177"},"modified":"2024-05-13T14:30:58","modified_gmt":"2024-05-13T17:30:58","slug":"fundo-social-realiza-palestra-sobre-a-importancia-do-autocuidado-e-bem-estar","status":"publish","type":"post","link":"https:\/\/cajamar.sp.gov.br\/noticias\/2024\/05\/13\/fundo-social-realiza-palestra-sobre-a-importancia-do-autocuidado-e-bem-estar\/","title":{"rendered":"Fundo Social realiza palestra sobre a import\u00e2ncia do autocuidado e bem-estar"},"content":{"rendered":"\n<figure class=\"wp-block-image size-large\"><img fetchpriority=\"high\" decoding=\"async\" width=\"1280\" height=\"670\" src=\"https:\/\/cajamar.sp.gov.br\/noticias\/wp-content\/uploads\/sites\/2\/2024\/05\/image-5-1280x670.png\" alt=\"\" class=\"wp-image-35178\" srcset=\"https:\/\/cajamar.sp.gov.br\/noticias\/wp-content\/uploads\/sites\/2\/2024\/05\/image-5-1280x670.png 1280w, https:\/\/cajamar.sp.gov.br\/noticias\/wp-content\/uploads\/sites\/2\/2024\/05\/image-5-768x402.png 768w, https:\/\/cajamar.sp.gov.br\/noticias\/wp-content\/uploads\/sites\/2\/2024\/05\/image-5-1536x804.png 1536w, https:\/\/cajamar.sp.gov.br\/noticias\/wp-content\/uploads\/sites\/2\/2024\/05\/image-5.png 1600w\" sizes=\"(max-width: 1280px) 100vw, 1280px\" \/><\/figure>\n\n\n\n<p>Em homenagem ao Dia da Assistente Social, celebrado no dia 15 de maio, o Fundo Social de Solidariedade ir\u00e1 promover uma palestra intitulada \u201cA import\u00e2ncia do autocuidado e bem-estar\u201d. O encontro ser\u00e1 conduzido pela palestrante In\u00eas Marcel e ser\u00e1 realizado no dia 15 de maio, das 10h \u00e0s 12h, na C\u00e2mara Municipal de Cajamar.<\/p>\n\n\n\n<p>A palestra \u00e9 destinada para assistentes sociais que est\u00e3o em busca de dicas e orienta\u00e7\u00f5es para priorizar sua sa\u00fade f\u00edsica e mental. As inscri\u00e7\u00f5es j\u00e1 est\u00e3o abertas e os interessados devem se cadastrar atrav\u00e9s do link: <a href=\"https:\/\/www.sympla.com.br\/evento\/a-importancia-do-autocuidado-e-bem-estar\/2451355\">https:\/\/www.sympla.com.br\/evento\/a-importancia-do-autocuidado-e-bem-estar\/2451355<\/a>.<\/p>\n\n\n\n<p>Aten\u00e7\u00e3o: As vagas s\u00e3o limitadas. Caso voc\u00ea tente adquirir o ingresso e encontrar a op\u00e7\u00e3o esgotada, por favor, entre em contato com o Fundo Social pelo telefone (11) 4446-0032 e deixe seu nome na lista de espera. #FundoSocialCajamar #PrefeituraDeCajamar<\/p>\n","protected":false},"excerpt":{"rendered":"<p>Os interessados devem realizar a inscri\u00e7\u00e3o atrav\u00e9s do link: https:\/\/www.sympla.com.br\/evento\/a-importancia-do-autocuidado-e-bem-estar\/2451355<\/p>\n","protected":false},"author":34,"featured_media":35178,"comment_status":"closed","ping_status":"0","sticky":true,"template":"","format":"standard","meta":{"footnotes":""},"categories":[16],"tags":[279,853],"posicao":[28],"class_list":["post-35177","post","type-post","status-publish","format-standard","has-post-thumbnail","hentry","category-fundo-social-cajamar","tag-fundo-social-de-solidariedade","tag-palestra","posicao-destaque"],"_links":{"self":[{"href":"https:\/\/cajamar.sp.gov.br\/noticias\/wp-json\/wp\/v2\/posts\/35177","targetHints":{"allow":["GET"]}}],"collection":[{"href":"https:\/\/cajamar.sp.gov.br\/noticias\/wp-json\/wp\/v2\/posts"}],"about":[{"href":"https:\/\/cajamar.sp.gov.br\/noticias\/wp-json\/wp\/v2\/types\/post"}],"author":[{"embeddable":true,"href":"https:\/\/cajamar.sp.gov.br\/noticias\/wp-json\/wp\/v2\/users\/34"}],"replies":[{"embeddable":true,"href":"https:\/\/cajamar.sp.gov.br\/noticias\/wp-json\/wp\/v2\/comments?post=35177"}],"version-history":[{"count":1,"href":"https:\/\/cajamar.sp.gov.br\/noticias\/wp-json\/wp\/v2\/posts\/35177\/revisions"}],"predecessor-version":[{"id":35179,"href":"https:\/\/cajamar.sp.gov.br\/noticias\/wp-json\/wp\/v2\/posts\/35177\/revisions\/35179"}],"wp:featuredmedia":[{"embeddable":true,"href":"https:\/\/cajamar.sp.gov.br\/noticias\/wp-json\/wp\/v2\/media\/35178"}],"wp:attachment":[{"href":"https:\/\/cajamar.sp.gov.br\/noticias\/wp-json\/wp\/v2\/media?parent=35177"}],"wp:term":[{"taxonomy":"category","embeddable":true,"href":"https:\/\/cajamar.sp.gov.br\/noticias\/wp-json\/wp\/v2\/categories?post=35177"},{"taxonomy":"post_tag","embeddable":true,"href":"https:\/\/cajamar.sp.gov.br\/noticias\/wp-json\/wp\/v2\/tags?post=35177"},{"taxonomy":"posicao","embeddable":true,"href":"https:\/\/cajamar.sp.gov.br\/noticias\/wp-json\/wp\/v2\/posicao?post=35177"}],"curies":[{"name":"wp","href":"https:\/\/api.w.org\/{rel}","templated":true}]}}