{"id":35239,"date":"2024-05-24T16:30:50","date_gmt":"2024-05-24T19:30:50","guid":{"rendered":"https:\/\/cajamar.sp.gov.br\/noticias\/?p=35239"},"modified":"2024-05-24T16:30:50","modified_gmt":"2024-05-24T19:30:50","slug":"cajamar-realiza-evento-sobre-o-movimento-da-luta-antimanicomial","status":"publish","type":"post","link":"https:\/\/cajamar.sp.gov.br\/noticias\/2024\/05\/24\/cajamar-realiza-evento-sobre-o-movimento-da-luta-antimanicomial\/","title":{"rendered":"Cajamar realiza evento sobre o Movimento da Luta Antimanicomial"},"content":{"rendered":"\n<figure class=\"wp-block-image size-large\"><img fetchpriority=\"high\" decoding=\"async\" width=\"1280\" height=\"853\" src=\"https:\/\/cajamar.sp.gov.br\/noticias\/wp-content\/uploads\/sites\/2\/2024\/05\/image-12-1280x853.png\" alt=\"\" class=\"wp-image-35240\" srcset=\"https:\/\/cajamar.sp.gov.br\/noticias\/wp-content\/uploads\/sites\/2\/2024\/05\/image-12-1280x853.png 1280w, https:\/\/cajamar.sp.gov.br\/noticias\/wp-content\/uploads\/sites\/2\/2024\/05\/image-12-768x512.png 768w, https:\/\/cajamar.sp.gov.br\/noticias\/wp-content\/uploads\/sites\/2\/2024\/05\/image-12-1536x1024.png 1536w, https:\/\/cajamar.sp.gov.br\/noticias\/wp-content\/uploads\/sites\/2\/2024\/05\/image-12.png 1620w\" sizes=\"(max-width: 1280px) 100vw, 1280px\" \/><\/figure>\n\n\n\n<p>Na \u00faltima quarta-feira (22), a Secretaria Municipal de Cajamar, em parceria com a Rede de Aten\u00e7\u00e3o Psicossocial Regional &#8211; RAPS, realizou um evento em comemora\u00e7\u00e3o ao Movimento da Luta Antimanicomial. A palestra, intitulada &#8220;Holocausto Brasileiro&#8221;, foi ministrada pela jornalista Daniela Arbex e aconteceu na C\u00e2mara Municipal de Cajamar.<\/p>\n\n\n\n<p>O Movimento da Luta Antimanicomial \u00e9 uma causa essencial que defende os direitos das pessoas com sofrimento mental, lutando contra o estigma e a exclus\u00e3o social que muitas vezes acompanham esses indiv\u00edduos sob o pretexto de tratamento psiqui\u00e1trico. Esse movimento visa garantir que as pessoas em sofrimento ps\u00edquico grave sejam tratadas com dignidade e respeito, promovendo a inclus\u00e3o social e a melhoria na qualidade de vida.<\/p>\n\n\n\n<p>Durante a palestra, Daniela Arbex destacou a tr\u00e1gica hist\u00f3ria do Holocausto Brasileiro, que resultou na morte de 60 mil pessoas na cidade de Barbacena, Minas Gerais. O caso ocorreu no Hospital Col\u00f4nia, o maior hospital psiqui\u00e1trico da \u00e9poca, e \u00e9 um cap\u00edtulo sombrio da hist\u00f3ria brasileira que ainda reverbera na luta por um tratamento mais humano e justo para as pessoas com transtornos mentais.<\/p>\n\n\n\n<p>O evento contou com a participa\u00e7\u00e3o de representantes dos munic\u00edpios de Cajamar, Caieiras, Franco da Rocha, Francisco Morato e Mairipor\u00e3, que integram a Rede de Aten\u00e7\u00e3o Psicossocial Regional &#8211; RAPS. A parceria entre essas cidades \u00e9 fundamental para a promo\u00e7\u00e3o de a\u00e7\u00f5es que combatam o preconceito e promovam a reintegra\u00e7\u00e3o social dos pacientes psiqui\u00e1tricos.<\/p>\n","protected":false},"excerpt":{"rendered":"<p>A palestra, intitulada &#8220;Holocausto Brasileiro&#8221;, foi ministrada pela jornalista Daniela Arbex e aconteceu na C\u00e2mara Municipal de Cajamar<\/p>\n","protected":false},"author":34,"featured_media":35240,"comment_status":"closed","ping_status":"0","sticky":true,"template":"","format":"standard","meta":{"footnotes":""},"categories":[2],"tags":[105],"posicao":[28],"class_list":["post-35239","post","type-post","status-publish","format-standard","has-post-thumbnail","hentry","category-saude","tag-saude","posicao-destaque"],"_links":{"self":[{"href":"https:\/\/cajamar.sp.gov.br\/noticias\/wp-json\/wp\/v2\/posts\/35239","targetHints":{"allow":["GET"]}}],"collection":[{"href":"https:\/\/cajamar.sp.gov.br\/noticias\/wp-json\/wp\/v2\/posts"}],"about":[{"href":"https:\/\/cajamar.sp.gov.br\/noticias\/wp-json\/wp\/v2\/types\/post"}],"author":[{"embeddable":true,"href":"https:\/\/cajamar.sp.gov.br\/noticias\/wp-json\/wp\/v2\/users\/34"}],"replies":[{"embeddable":true,"href":"https:\/\/cajamar.sp.gov.br\/noticias\/wp-json\/wp\/v2\/comments?post=35239"}],"version-history":[{"count":1,"href":"https:\/\/cajamar.sp.gov.br\/noticias\/wp-json\/wp\/v2\/posts\/35239\/revisions"}],"predecessor-version":[{"id":35241,"href":"https:\/\/cajamar.sp.gov.br\/noticias\/wp-json\/wp\/v2\/posts\/35239\/revisions\/35241"}],"wp:featuredmedia":[{"embeddable":true,"href":"https:\/\/cajamar.sp.gov.br\/noticias\/wp-json\/wp\/v2\/media\/35240"}],"wp:attachment":[{"href":"https:\/\/cajamar.sp.gov.br\/noticias\/wp-json\/wp\/v2\/media?parent=35239"}],"wp:term":[{"taxonomy":"category","embeddable":true,"href":"https:\/\/cajamar.sp.gov.br\/noticias\/wp-json\/wp\/v2\/categories?post=35239"},{"taxonomy":"post_tag","embeddable":true,"href":"https:\/\/cajamar.sp.gov.br\/noticias\/wp-json\/wp\/v2\/tags?post=35239"},{"taxonomy":"posicao","embeddable":true,"href":"https:\/\/cajamar.sp.gov.br\/noticias\/wp-json\/wp\/v2\/posicao?post=35239"}],"curies":[{"name":"wp","href":"https:\/\/api.w.org\/{rel}","templated":true}]}}