{"id":35282,"date":"2024-06-05T16:12:18","date_gmt":"2024-06-05T19:12:18","guid":{"rendered":"https:\/\/cajamar.sp.gov.br\/noticias\/?p=35282"},"modified":"2024-06-05T16:12:18","modified_gmt":"2024-06-05T19:12:18","slug":"2a-expo-empregabilidade-de-cajamar-sera-realizada-ate-o-dia-8-de-junho","status":"publish","type":"post","link":"https:\/\/cajamar.sp.gov.br\/noticias\/2024\/06\/05\/2a-expo-empregabilidade-de-cajamar-sera-realizada-ate-o-dia-8-de-junho\/","title":{"rendered":"2\u00aa Expo Empregabilidade de Cajamar ser\u00e1 realizada at\u00e9 o dia 8 de junho"},"content":{"rendered":"\n<figure class=\"wp-block-image size-large\"><img fetchpriority=\"high\" decoding=\"async\" width=\"1280\" height=\"960\" src=\"https:\/\/cajamar.sp.gov.br\/noticias\/wp-content\/uploads\/sites\/2\/2024\/06\/image-1-1280x960.png\" alt=\"\" class=\"wp-image-35283\" srcset=\"https:\/\/cajamar.sp.gov.br\/noticias\/wp-content\/uploads\/sites\/2\/2024\/06\/image-1-1280x960.png 1280w, https:\/\/cajamar.sp.gov.br\/noticias\/wp-content\/uploads\/sites\/2\/2024\/06\/image-1-300x225.png 300w, https:\/\/cajamar.sp.gov.br\/noticias\/wp-content\/uploads\/sites\/2\/2024\/06\/image-1-768x576.png 768w, https:\/\/cajamar.sp.gov.br\/noticias\/wp-content\/uploads\/sites\/2\/2024\/06\/image-1-1536x1152.png 1536w, https:\/\/cajamar.sp.gov.br\/noticias\/wp-content\/uploads\/sites\/2\/2024\/06\/image-1.png 2048w\" sizes=\"(max-width: 1280px) 100vw, 1280px\" \/><\/figure>\n\n\n\n<p>Nesta ter\u00e7a-feira (4), teve in\u00edcio a 2\u00aa Expo Empregabilidade de Cajamar. O evento est\u00e1 sendo realizado pela Secretaria de Desenvolvimento Econ\u00f4mico e Empreendedorismo, em parceria com empresas sediadas no munic\u00edpio, no Gin\u00e1sio de Esportes Ant\u00f4nio Carlos Tramassi, no Polvilho.<\/p>\n\n\n\n<p>Ser\u00e3o cinco dias de evento, com a disponibiliza\u00e7\u00e3o de mais de 6 mil vagas de emprego, incluindo oportunidades de trabalho operacional, gerencial e para jovens aprendizes. Atrav\u00e9s dessa feira de empregabilidade, os participantes ter\u00e3o a chance de interagir diretamente com empresas de diversos setores do munic\u00edpio, cadastrar seus curr\u00edculos, participar de palestras e workshops sobre desenvolvimento de carreira, al\u00e9m de participar de processos seletivos e entrevistas.<\/p>\n\n\n\n<p>Se voc\u00ea est\u00e1 em busca de uma oportunidade de emprego ou pretende iniciar a carreira como empreendedor, n\u00e3o perca essa chance de receber dicas valiosas para agregar \u00e0 sua vida profissional. Participe da 2\u00aa Expo Empregabilidade de Cajamar!<\/p>\n\n\n\n<p>2\u00aa Expo Empregabilidade de Cajamar<\/p>\n\n\n\n<ul class=\"wp-block-list\">\n<li>4 a 7 de junho | das 09h \u00e0s 18h<\/li>\n\n\n\n<li>8 de junho | das 09h \u00e0s 12h<br>Local: Gin\u00e1sio de Esportes Ant\u00f4nio Carlos Tramassi<\/li>\n<\/ul>\n","protected":false},"excerpt":{"rendered":"<p>Ser\u00e3o cinco dias de evento, com a disponibiliza\u00e7\u00e3o de mais de 6 mil vagas de emprego, incluindo oportunidades de trabalho operacional, gerencial e para jovens aprendizes<\/p>\n","protected":false},"author":34,"featured_media":35283,"comment_status":"closed","ping_status":"0","sticky":true,"template":"","format":"standard","meta":{"footnotes":""},"categories":[42],"tags":[2003],"posicao":[28],"class_list":["post-35282","post","type-post","status-publish","format-standard","has-post-thumbnail","hentry","category-emprego-e-relaccoes-de-trabalho","tag-expoempregabilidade","posicao-destaque"],"_links":{"self":[{"href":"https:\/\/cajamar.sp.gov.br\/noticias\/wp-json\/wp\/v2\/posts\/35282","targetHints":{"allow":["GET"]}}],"collection":[{"href":"https:\/\/cajamar.sp.gov.br\/noticias\/wp-json\/wp\/v2\/posts"}],"about":[{"href":"https:\/\/cajamar.sp.gov.br\/noticias\/wp-json\/wp\/v2\/types\/post"}],"author":[{"embeddable":true,"href":"https:\/\/cajamar.sp.gov.br\/noticias\/wp-json\/wp\/v2\/users\/34"}],"replies":[{"embeddable":true,"href":"https:\/\/cajamar.sp.gov.br\/noticias\/wp-json\/wp\/v2\/comments?post=35282"}],"version-history":[{"count":1,"href":"https:\/\/cajamar.sp.gov.br\/noticias\/wp-json\/wp\/v2\/posts\/35282\/revisions"}],"predecessor-version":[{"id":35284,"href":"https:\/\/cajamar.sp.gov.br\/noticias\/wp-json\/wp\/v2\/posts\/35282\/revisions\/35284"}],"wp:featuredmedia":[{"embeddable":true,"href":"https:\/\/cajamar.sp.gov.br\/noticias\/wp-json\/wp\/v2\/media\/35283"}],"wp:attachment":[{"href":"https:\/\/cajamar.sp.gov.br\/noticias\/wp-json\/wp\/v2\/media?parent=35282"}],"wp:term":[{"taxonomy":"category","embeddable":true,"href":"https:\/\/cajamar.sp.gov.br\/noticias\/wp-json\/wp\/v2\/categories?post=35282"},{"taxonomy":"post_tag","embeddable":true,"href":"https:\/\/cajamar.sp.gov.br\/noticias\/wp-json\/wp\/v2\/tags?post=35282"},{"taxonomy":"posicao","embeddable":true,"href":"https:\/\/cajamar.sp.gov.br\/noticias\/wp-json\/wp\/v2\/posicao?post=35282"}],"curies":[{"name":"wp","href":"https:\/\/api.w.org\/{rel}","templated":true}]}}