{"id":35447,"date":"2024-06-24T09:18:59","date_gmt":"2024-06-24T12:18:59","guid":{"rendered":"https:\/\/cajamar.sp.gov.br\/noticias\/?p=35447"},"modified":"2024-06-25T10:20:07","modified_gmt":"2024-06-25T13:20:07","slug":"cajamar-inicia-campanha-de-vacinacao-contra-a-dengue","status":"publish","type":"post","link":"https:\/\/cajamar.sp.gov.br\/noticias\/2024\/06\/24\/cajamar-inicia-campanha-de-vacinacao-contra-a-dengue\/","title":{"rendered":"Cajamar inicia campanha de vacina\u00e7\u00e3o contra a Dengue"},"content":{"rendered":"\n<figure class=\"wp-block-image size-full\"><img fetchpriority=\"high\" decoding=\"async\" width=\"1000\" height=\"700\" src=\"https:\/\/cajamar.sp.gov.br\/noticias\/wp-content\/uploads\/sites\/2\/2024\/06\/image-20.png\" alt=\"\" class=\"wp-image-35450\" srcset=\"https:\/\/cajamar.sp.gov.br\/noticias\/wp-content\/uploads\/sites\/2\/2024\/06\/image-20.png 1000w, https:\/\/cajamar.sp.gov.br\/noticias\/wp-content\/uploads\/sites\/2\/2024\/06\/image-20-768x538.png 768w\" sizes=\"(max-width: 1000px) 100vw, 1000px\" \/><\/figure>\n\n\n\n<p>A <strong>Prefeitura de Cajamar,<\/strong> atrav\u00e9s da <strong>Secretaria Municipal da Sa\u00fade,<\/strong> tem uma importante not\u00edcia para voc\u00eas: iniciamos a vacina\u00e7\u00e3o contra a dengue para crian\u00e7as e adolescentes de 10 a 14 anos!<\/p>\n\n\n\n<p>A dengue \u00e9 uma doen\u00e7a infecciosa transmitida pelo mosquito Aedes aegypti. Pode evoluir para quadros graves e, atualmente, n\u00e3o h\u00e1 um medicamento espec\u00edfico para o tratamento. Por isso, \u00e9 muito importante se vacinar!<\/p>\n\n\n\n<p><strong>ESQUEMA DE VACINA\u00c7\u00c3O:<\/strong><\/p>\n\n\n\n<p>\ud83d\udd39<strong> Faixa et\u00e1ria:<\/strong> 10 anos a 14 anos, 11 meses e 29 dias<br>\ud83d\udd39<strong> Doses:<\/strong> 2 doses<br>\ud83d\udd39<strong> Intervalo:<\/strong> 3 meses entre as doses<\/p>\n\n\n\n<p><strong>IMPORTANTE:<\/strong><\/p>\n\n\n\n<p>Se a crian\u00e7a ou adolescente teve dengue recentemente, \u00e9 necess\u00e1rio aguardar 6 meses ap\u00f3s a infec\u00e7\u00e3o para iniciar a vacina\u00e7\u00e3o.<\/p>\n\n\n\n<p>Caso a infec\u00e7\u00e3o ocorra entre as doses, o intervalo entre D1 e D2 n\u00e3o muda, desde que a segunda dose seja aplicada pelo menos 30 dias ap\u00f3s o in\u00edcio da doen\u00e7a.<\/p>\n\n\n\n<p>Para se vacinar \u00e9 necess\u00e1rio ir at\u00e9 a unidade de sa\u00fade com a carteira de vacina\u00e7\u00e3o, documento com foto, CPF e cart\u00e3o do SUS.<\/p>\n\n\n\n<p>Confira as Unidades de Sa\u00fade de Cajamar participantes da campanha<\/p>\n\n\n\n<p><strong>Atendimento de segunda a sexta-feira:<\/strong><\/p>\n\n\n\n<p>&#8211; UBS Enf. Leontina Martins Fran\u00e7a<br>Av. Dr. Jose Luiz Leme Maciel n\u00ba 179 \u2013 Pq. S\u00e3o Roberto<\/p>\n\n\n\n<p>&#8211; UBS Dra. Izabel Gratieri<br>Rua Timburi n\u00ba 121 \u2013 Polvilho<\/p>\n\n\n\n<p>&#8211; ESF Ver. Joaquim Alves de Castro<br>Av. Prof. Walter Ribas de Andrade n\u00ba 554 \u2013 Centro<\/p>\n\n\n\n<p>&#8211; ESF Edivaldo Soares Massagardi<br>Rua Barueri n\u00ba 198 &#8211; Guaturinho<\/p>\n\n\n\n<p>&#8211; ESF Manoel In\u00e1cio da Silva<br>Av. das Jurutis n\u00ba 385 \u2013 Pq. Para\u00edso<\/p>\n\n\n\n<p>&#8211; ESF Nadilia de Oliveira Santos<br>Rua Bela Vista n\u00ba 1200 \u2013 S\u00e3o Benedito\/Km 43<\/p>\n\n\n\n<p>&#8211; ESF Carlos do Santos<br>Rua das Cravinas n\u00b0 198<\/p>\n\n\n\n<p>&#8211; ESF Belo Planalto<br>Rua Nercilio Jos\u00e9 dos Santos n\u00ba 58 \u2013 Polvilho<\/p>\n\n\n\n<p>&#8211; ESF Maria Aparecida Miss\u00e9<br>Rua Joaquim Rodrigues Pontes n\u00ba 203 \u2013 Ponunduva<\/p>\n\n\n\n<p>&#8211; USF Dra. Maria de Lourdes Mendon\u00e7a Bravo<br>Avenida Aruj\u00e1 n\u00ba 208 &#8211; Maria Luiza<\/p>\n\n\n\n<p><strong>Atendimento de segunda a s\u00e1bado:<\/strong><\/p>\n\n\n\n<p>&#8211; UBS Enf. Carlos Moreira da Silva<br>Av. Dr. Ant\u00f4nio Jo\u00e3o Abdalla n\u00ba 850 &#8211; Jordan\u00e9sia<\/p>\n","protected":false},"excerpt":{"rendered":"<p>Para se vacinar \u00e9 necess\u00e1rio ir at\u00e9 a unidade de sa\u00fade com a carteira de vacina\u00e7\u00e3o, documento com foto, CPF e cart\u00e3o do SUS<\/p>\n","protected":false},"author":48,"featured_media":35450,"comment_status":"closed","ping_status":"0","sticky":true,"template":"","format":"standard","meta":{"footnotes":""},"categories":[2],"tags":[69,717,164,105,246,162],"posicao":[28],"class_list":["post-35447","post","type-post","status-publish","format-standard","has-post-thumbnail","hentry","category-saude","tag-cajamar","tag-dengue","tag-imunizacao","tag-saude","tag-vacina","tag-vacinacao","posicao-destaque"],"_links":{"self":[{"href":"https:\/\/cajamar.sp.gov.br\/noticias\/wp-json\/wp\/v2\/posts\/35447","targetHints":{"allow":["GET"]}}],"collection":[{"href":"https:\/\/cajamar.sp.gov.br\/noticias\/wp-json\/wp\/v2\/posts"}],"about":[{"href":"https:\/\/cajamar.sp.gov.br\/noticias\/wp-json\/wp\/v2\/types\/post"}],"author":[{"embeddable":true,"href":"https:\/\/cajamar.sp.gov.br\/noticias\/wp-json\/wp\/v2\/users\/48"}],"replies":[{"embeddable":true,"href":"https:\/\/cajamar.sp.gov.br\/noticias\/wp-json\/wp\/v2\/comments?post=35447"}],"version-history":[{"count":3,"href":"https:\/\/cajamar.sp.gov.br\/noticias\/wp-json\/wp\/v2\/posts\/35447\/revisions"}],"predecessor-version":[{"id":35452,"href":"https:\/\/cajamar.sp.gov.br\/noticias\/wp-json\/wp\/v2\/posts\/35447\/revisions\/35452"}],"wp:featuredmedia":[{"embeddable":true,"href":"https:\/\/cajamar.sp.gov.br\/noticias\/wp-json\/wp\/v2\/media\/35450"}],"wp:attachment":[{"href":"https:\/\/cajamar.sp.gov.br\/noticias\/wp-json\/wp\/v2\/media?parent=35447"}],"wp:term":[{"taxonomy":"category","embeddable":true,"href":"https:\/\/cajamar.sp.gov.br\/noticias\/wp-json\/wp\/v2\/categories?post=35447"},{"taxonomy":"post_tag","embeddable":true,"href":"https:\/\/cajamar.sp.gov.br\/noticias\/wp-json\/wp\/v2\/tags?post=35447"},{"taxonomy":"posicao","embeddable":true,"href":"https:\/\/cajamar.sp.gov.br\/noticias\/wp-json\/wp\/v2\/posicao?post=35447"}],"curies":[{"name":"wp","href":"https:\/\/api.w.org\/{rel}","templated":true}]}}