{"id":35472,"date":"2024-06-26T09:16:43","date_gmt":"2024-06-26T12:16:43","guid":{"rendered":"https:\/\/cajamar.sp.gov.br\/noticias\/?p=35472"},"modified":"2024-06-26T09:16:43","modified_gmt":"2024-06-26T12:16:43","slug":"cajamar-tera-solenidade-de-sao-pedro-e-sao-paulo","status":"publish","type":"post","link":"https:\/\/cajamar.sp.gov.br\/noticias\/2024\/06\/26\/cajamar-tera-solenidade-de-sao-pedro-e-sao-paulo\/","title":{"rendered":"Cajamar ter\u00e1 solenidade de S\u00e3o Pedro e S\u00e3o Paulo"},"content":{"rendered":"\n<figure class=\"wp-block-image size-full is-resized\"><img fetchpriority=\"high\" decoding=\"async\" width=\"1000\" height=\"700\" src=\"https:\/\/cajamar.sp.gov.br\/noticias\/wp-content\/uploads\/sites\/2\/2024\/06\/image-23.png\" alt=\"\" class=\"wp-image-35473\" style=\"width:840px;height:auto\" srcset=\"https:\/\/cajamar.sp.gov.br\/noticias\/wp-content\/uploads\/sites\/2\/2024\/06\/image-23.png 1000w, https:\/\/cajamar.sp.gov.br\/noticias\/wp-content\/uploads\/sites\/2\/2024\/06\/image-23-768x538.png 768w\" sizes=\"(max-width: 1000px) 100vw, 1000px\" \/><\/figure>\n\n\n\n<p>No pr\u00f3ximo final de semana, dias <strong>29 e 30 de junho<\/strong> acontece a <strong>Solenidade de S\u00e3o Pedro e S\u00e3o Paulo.<\/strong> A Par\u00f3quia S\u00e3o Paulo Ap\u00f3stolo est\u00e1 preparando uma programa\u00e7\u00e3o repleta de f\u00e9, gastronomia, divers\u00e3o e pr\u00eamios incr\u00edveis!<\/p>\n\n\n\n<p>No dia <strong>29 de junho,<\/strong> s\u00e1bado, \u00e0s <strong>18h,<\/strong> no <strong>Gin\u00e1sio de Jordan\u00e9sia,<\/strong> acontecer\u00e1 a Solenidade de S\u00e3o Pedro e S\u00e3o Paulo celebrada pelo Padre Alexandre. Ap\u00f3s a missa, prepare-se para desfrutar de barracas cheias de del\u00edcias, incluindo milho, caldo, lanche de pernil, batata frita, cachorro quente, frango frito, mandioca, pastel, pizza, tapioca, arroz carreteiro, macarronada, espetinho, doces, vinho quente, quent\u00e3o, refrigerante e chocolate quente. Tamb\u00e9m haver\u00e1 brincadeiras divertidas como peixinho e Bola na lata!<\/p>\n\n\n\n<p>No domingo, <strong>30 de junho,<\/strong> \u00e0s <strong>08h,<\/strong> a celebra\u00e7\u00e3o ter\u00e1 in\u00edcio com uma prociss\u00e3o que sair\u00e1 da<strong> Matriz S\u00e3o Paulo Ap\u00f3stolo<\/strong> em dire\u00e7\u00e3o ao <strong>Gin\u00e1sio de Jordan\u00e9sia,<\/strong> onde a Solenidade de S\u00e3o Pedro e S\u00e3o Paulo ser\u00e1 celebrada pelo Padre C\u00e9sar. Ap\u00f3s a missa, todos est\u00e3o convidados a almo\u00e7ar em comunidade nas barracas que ter\u00e3o no local, enquanto aproveitam m\u00fasica ao vivo.<\/p>\n\n\n\n<p>E para encerrar, no domingo \u00e0s <strong>14h30,<\/strong> haver\u00e1 um <strong>Show de Pr\u00eamios<\/strong> no <strong>Boi\u00f3dromo!<\/strong> Por apenas R$30 a cartela, que pode ser adquirida na secretaria da Par\u00f3quia, voc\u00ea concorre a pr\u00eamios incr\u00edveis: uma air fryer na primeira rodada, uma panela el\u00e9trica na segunda, um micro-ondas na terceira, uma TV 40&#8243; na quarta e, para finalizar, uma moto na quinta rodada.<\/p>\n\n\n\n<p>Chame a sua fam\u00edlia e participe dessa grande festa de f\u00e9 e confraterniza\u00e7\u00e3o! N\u00e3o perca essa oportunidade de se divertir e celebrar com a comunidade.<\/p>\n","protected":false},"excerpt":{"rendered":"<p>A festas acontece nos dias 29 e 30 de junho, em Jordan\u00e9sia<\/p>\n","protected":false},"author":48,"featured_media":35473,"comment_status":"closed","ping_status":"0","sticky":true,"template":"","format":"standard","meta":{"footnotes":""},"categories":[1],"tags":[69,1377,1079,2287,2288,1800],"posicao":[28],"class_list":["post-35472","post","type-post","status-publish","format-standard","has-post-thumbnail","hentry","category-noticias","tag-cajamar","tag-festa","tag-missa","tag-missa-sonele","tag-padre","tag-paroquia","posicao-destaque"],"_links":{"self":[{"href":"https:\/\/cajamar.sp.gov.br\/noticias\/wp-json\/wp\/v2\/posts\/35472","targetHints":{"allow":["GET"]}}],"collection":[{"href":"https:\/\/cajamar.sp.gov.br\/noticias\/wp-json\/wp\/v2\/posts"}],"about":[{"href":"https:\/\/cajamar.sp.gov.br\/noticias\/wp-json\/wp\/v2\/types\/post"}],"author":[{"embeddable":true,"href":"https:\/\/cajamar.sp.gov.br\/noticias\/wp-json\/wp\/v2\/users\/48"}],"replies":[{"embeddable":true,"href":"https:\/\/cajamar.sp.gov.br\/noticias\/wp-json\/wp\/v2\/comments?post=35472"}],"version-history":[{"count":1,"href":"https:\/\/cajamar.sp.gov.br\/noticias\/wp-json\/wp\/v2\/posts\/35472\/revisions"}],"predecessor-version":[{"id":35474,"href":"https:\/\/cajamar.sp.gov.br\/noticias\/wp-json\/wp\/v2\/posts\/35472\/revisions\/35474"}],"wp:featuredmedia":[{"embeddable":true,"href":"https:\/\/cajamar.sp.gov.br\/noticias\/wp-json\/wp\/v2\/media\/35473"}],"wp:attachment":[{"href":"https:\/\/cajamar.sp.gov.br\/noticias\/wp-json\/wp\/v2\/media?parent=35472"}],"wp:term":[{"taxonomy":"category","embeddable":true,"href":"https:\/\/cajamar.sp.gov.br\/noticias\/wp-json\/wp\/v2\/categories?post=35472"},{"taxonomy":"post_tag","embeddable":true,"href":"https:\/\/cajamar.sp.gov.br\/noticias\/wp-json\/wp\/v2\/tags?post=35472"},{"taxonomy":"posicao","embeddable":true,"href":"https:\/\/cajamar.sp.gov.br\/noticias\/wp-json\/wp\/v2\/posicao?post=35472"}],"curies":[{"name":"wp","href":"https:\/\/api.w.org\/{rel}","templated":true}]}}