{"id":35604,"date":"2024-10-15T17:50:50","date_gmt":"2024-10-15T20:50:50","guid":{"rendered":"https:\/\/cajamar.sp.gov.br\/noticias\/?p=35604"},"modified":"2024-10-15T17:50:50","modified_gmt":"2024-10-15T20:50:50","slug":"fundo-social-promove-evento-especial-outubro-rosa","status":"publish","type":"post","link":"https:\/\/cajamar.sp.gov.br\/noticias\/2024\/10\/15\/fundo-social-promove-evento-especial-outubro-rosa\/","title":{"rendered":"Fundo Social promove evento especial Outubro Rosa"},"content":{"rendered":"\n<figure class=\"wp-block-image size-full\"><img fetchpriority=\"high\" decoding=\"async\" width=\"1000\" height=\"700\" src=\"https:\/\/cajamar.sp.gov.br\/noticias\/wp-content\/uploads\/sites\/2\/2024\/10\/image-4.png\" alt=\"\" class=\"wp-image-35605\" srcset=\"https:\/\/cajamar.sp.gov.br\/noticias\/wp-content\/uploads\/sites\/2\/2024\/10\/image-4.png 1000w, https:\/\/cajamar.sp.gov.br\/noticias\/wp-content\/uploads\/sites\/2\/2024\/10\/image-4-768x538.png 768w\" sizes=\"(max-width: 1000px) 100vw, 1000px\" \/><\/figure>\n\n\n\n<p>O <strong>Fundo Social de Solidariedade<\/strong>, em parceria com a<strong> Secretaria de Sa\u00fade,<\/strong> convida as mulheres do munic\u00edpio para um evento especial em apoio \u00e0 campanha Outubro Rosa, que ser\u00e1 realizado no pr\u00f3ximo s\u00e1bado, <strong>19 de outubro,<\/strong> a partir das <strong>8h,<\/strong> na <strong>C\u00e2mara Municipal de Cajamar.<\/strong><\/p>\n\n\n\n<p>O evento contar\u00e1 com palestras informativas sobre temas relevantes relacionados \u00e0 sa\u00fade da mulher. A <strong>Dra. And Yara (Medicina Funcional Integrativa),<\/strong> abordar\u00e1 quest\u00f5es como preven\u00e7\u00e3o do c\u00e2ncer de mama, cuidados durante a menopausa e lipedema.<\/p>\n\n\n\n<p>Em seguida, a <strong>Nutricionista Poliana Pinheiro<\/strong> ir\u00e1 falar sobre alimenta\u00e7\u00e3o e sa\u00fade: <strong>estrat\u00e9gias nutricionais para a preven\u00e7\u00e3o do c\u00e2ncer de mama.<\/strong><\/p>\n\n\n\n<p>Al\u00e9m das palestras, o evento contar\u00e1 com um <strong>Aul\u00e3o de Dan\u00e7a do projeto Movimenta Cajamar,<\/strong> ministrado pela instrutora <strong>Lu Domingues,<\/strong> que ocorrer\u00e1 \u00e0s <strong>10h<\/strong>. Durante o evento, uma enfermeira estar\u00e1 dispon\u00edvel das 8h30 \u00e0s 11h para a emiss\u00e3o de guias para exames.<\/p>\n\n\n\n<p>Neste mesmo dia, as unidades de sa\u00fade de Polvilho e Jordan\u00e9sia estar\u00e3o abertas, oferecendo os seguintes servi\u00e7os:<\/p>\n\n\n\n<p><strong>UBS Jordan\u00e9sia (8h \u00e0s 16h)<\/strong><\/p>\n\n\n\n<ul class=\"wp-block-list\">\n<li>Papanicolau<\/li>\n\n\n\n<li>Ultrassom<\/li>\n<\/ul>\n\n\n\n<p><strong>UBS Polvilho (8h \u00e0s 16h)<\/strong><\/p>\n\n\n\n<ul class=\"wp-block-list\">\n<li>Papanicolau<\/li>\n\n\n\n<li>Ultrassom<\/li>\n\n\n\n<li>Mamografia<\/li>\n<\/ul>\n\n\n\n<p>Participe dessas a\u00e7\u00f5es especiais deste dia e junte-se a n\u00f3s na luta contra o c\u00e2ncer de mama!<\/p>\n","protected":false},"excerpt":{"rendered":"<p>O encontro contar\u00e1 com aul\u00e3o de dan\u00e7a e tamb\u00e9m com palestras que abordar\u00e3o temas sobre a import\u00e2ncia da conscientiza\u00e7\u00e3o e preven\u00e7\u00e3o ao c\u00e2ncer de mama<\/p>\n","protected":false},"author":48,"featured_media":35605,"comment_status":"closed","ping_status":"0","sticky":true,"template":"","format":"standard","meta":{"footnotes":""},"categories":[16,41,2],"tags":[1067,69,705,117,279,1066,105],"posicao":[28],"class_list":["post-35604","post","type-post","status-publish","format-standard","has-post-thumbnail","hentry","category-fundo-social-cajamar","category-smg","category-saude","tag-aulao-de-danca","tag-cajamar","tag-danca","tag-fundo-social","tag-fundo-social-de-solidariedade","tag-movimenta-cajamar","tag-saude","posicao-destaque"],"_links":{"self":[{"href":"https:\/\/cajamar.sp.gov.br\/noticias\/wp-json\/wp\/v2\/posts\/35604","targetHints":{"allow":["GET"]}}],"collection":[{"href":"https:\/\/cajamar.sp.gov.br\/noticias\/wp-json\/wp\/v2\/posts"}],"about":[{"href":"https:\/\/cajamar.sp.gov.br\/noticias\/wp-json\/wp\/v2\/types\/post"}],"author":[{"embeddable":true,"href":"https:\/\/cajamar.sp.gov.br\/noticias\/wp-json\/wp\/v2\/users\/48"}],"replies":[{"embeddable":true,"href":"https:\/\/cajamar.sp.gov.br\/noticias\/wp-json\/wp\/v2\/comments?post=35604"}],"version-history":[{"count":1,"href":"https:\/\/cajamar.sp.gov.br\/noticias\/wp-json\/wp\/v2\/posts\/35604\/revisions"}],"predecessor-version":[{"id":35606,"href":"https:\/\/cajamar.sp.gov.br\/noticias\/wp-json\/wp\/v2\/posts\/35604\/revisions\/35606"}],"wp:featuredmedia":[{"embeddable":true,"href":"https:\/\/cajamar.sp.gov.br\/noticias\/wp-json\/wp\/v2\/media\/35605"}],"wp:attachment":[{"href":"https:\/\/cajamar.sp.gov.br\/noticias\/wp-json\/wp\/v2\/media?parent=35604"}],"wp:term":[{"taxonomy":"category","embeddable":true,"href":"https:\/\/cajamar.sp.gov.br\/noticias\/wp-json\/wp\/v2\/categories?post=35604"},{"taxonomy":"post_tag","embeddable":true,"href":"https:\/\/cajamar.sp.gov.br\/noticias\/wp-json\/wp\/v2\/tags?post=35604"},{"taxonomy":"posicao","embeddable":true,"href":"https:\/\/cajamar.sp.gov.br\/noticias\/wp-json\/wp\/v2\/posicao?post=35604"}],"curies":[{"name":"wp","href":"https:\/\/api.w.org\/{rel}","templated":true}]}}