{"id":35626,"date":"2024-10-22T16:45:17","date_gmt":"2024-10-22T19:45:17","guid":{"rendered":"https:\/\/cajamar.sp.gov.br\/noticias\/?p=35626"},"modified":"2024-10-22T16:45:17","modified_gmt":"2024-10-22T19:45:17","slug":"cafe-com-conversa-realiza-edicao-especial-em-apoio-ao-outubro-rosa","status":"publish","type":"post","link":"https:\/\/cajamar.sp.gov.br\/noticias\/2024\/10\/22\/cafe-com-conversa-realiza-edicao-especial-em-apoio-ao-outubro-rosa\/","title":{"rendered":"Caf\u00e9 com Conversa realiza edi\u00e7\u00e3o especial em apoio ao Outubro Rosa"},"content":{"rendered":"\n<figure class=\"wp-block-image size-full\"><img fetchpriority=\"high\" decoding=\"async\" width=\"1280\" height=\"920\" src=\"https:\/\/cajamar.sp.gov.br\/noticias\/wp-content\/uploads\/sites\/2\/2024\/10\/image-8.png\" alt=\"\" class=\"wp-image-35627\" srcset=\"https:\/\/cajamar.sp.gov.br\/noticias\/wp-content\/uploads\/sites\/2\/2024\/10\/image-8.png 1280w, https:\/\/cajamar.sp.gov.br\/noticias\/wp-content\/uploads\/sites\/2\/2024\/10\/image-8-768x552.png 768w\" sizes=\"(max-width: 1280px) 100vw, 1280px\" \/><\/figure>\n\n\n\n<p>Na pr\u00f3xima <strong>ter\u00e7a-feira,<\/strong> dia <strong>29 de outubro,<\/strong> o <strong>Fundo Social de Cajamar<\/strong> promover\u00e1 uma edi\u00e7\u00e3o especial do <strong>Caf\u00e9 com Conversa,<\/strong> em celebra\u00e7\u00e3o \u00e0 campanha <strong>Outubro Rosa. <\/strong>O evento come\u00e7ar\u00e1 \u00e0s <strong>18h,<\/strong> na sede do Fundo Social, localizada na <strong>Avenida Arnaldo Rojek, n\u00ba 403,<\/strong> em Jordan\u00e9sia.<\/p>\n\n\n\n<p>O encontro ser\u00e1 conduzido pelas psic\u00f3logas Leila Junqueira e Monieli Sampaio, que abordar\u00e3o quest\u00f5es relacionadas \u00e0 conscientiza\u00e7\u00e3o e \u00e0 import\u00e2ncia da preven\u00e7\u00e3o e detec\u00e7\u00e3o precoce do c\u00e2ncer de mama.<\/p>\n\n\n\n<p>Para participar, <strong>inscreva-se atrav\u00e9s do telefone (11) 4446-0032.<\/strong> Essa \u00e9 uma excelente oportunidade para esclarecer d\u00favidas, compartilhar experi\u00eancias e obter informa\u00e7\u00f5es valiosas sobre cuidados com a sa\u00fade da mulher, al\u00e9m de fortalecer a import\u00e2ncia do apoio emocional durante o tratamento.<\/p>\n","protected":false},"excerpt":{"rendered":"<p>O encontro ser\u00e1 realizado na pr\u00f3xima ter\u00e7a-feira (29), a partir das 18h, na sede do Fundo Social de Cajamar<\/p>\n","protected":false},"author":48,"featured_media":35627,"comment_status":"closed","ping_status":"0","sticky":true,"template":"","format":"standard","meta":{"footnotes":""},"categories":[16,1,41],"tags":[1857,69,117,279,1049],"posicao":[28],"class_list":["post-35626","post","type-post","status-publish","format-standard","has-post-thumbnail","hentry","category-fundo-social-cajamar","category-noticias","category-smg","tag-cafe-com-conversa","tag-cajamar","tag-fundo-social","tag-fundo-social-de-solidariedade","tag-outubro-rosa","posicao-destaque"],"_links":{"self":[{"href":"https:\/\/cajamar.sp.gov.br\/noticias\/wp-json\/wp\/v2\/posts\/35626","targetHints":{"allow":["GET"]}}],"collection":[{"href":"https:\/\/cajamar.sp.gov.br\/noticias\/wp-json\/wp\/v2\/posts"}],"about":[{"href":"https:\/\/cajamar.sp.gov.br\/noticias\/wp-json\/wp\/v2\/types\/post"}],"author":[{"embeddable":true,"href":"https:\/\/cajamar.sp.gov.br\/noticias\/wp-json\/wp\/v2\/users\/48"}],"replies":[{"embeddable":true,"href":"https:\/\/cajamar.sp.gov.br\/noticias\/wp-json\/wp\/v2\/comments?post=35626"}],"version-history":[{"count":1,"href":"https:\/\/cajamar.sp.gov.br\/noticias\/wp-json\/wp\/v2\/posts\/35626\/revisions"}],"predecessor-version":[{"id":35628,"href":"https:\/\/cajamar.sp.gov.br\/noticias\/wp-json\/wp\/v2\/posts\/35626\/revisions\/35628"}],"wp:featuredmedia":[{"embeddable":true,"href":"https:\/\/cajamar.sp.gov.br\/noticias\/wp-json\/wp\/v2\/media\/35627"}],"wp:attachment":[{"href":"https:\/\/cajamar.sp.gov.br\/noticias\/wp-json\/wp\/v2\/media?parent=35626"}],"wp:term":[{"taxonomy":"category","embeddable":true,"href":"https:\/\/cajamar.sp.gov.br\/noticias\/wp-json\/wp\/v2\/categories?post=35626"},{"taxonomy":"post_tag","embeddable":true,"href":"https:\/\/cajamar.sp.gov.br\/noticias\/wp-json\/wp\/v2\/tags?post=35626"},{"taxonomy":"posicao","embeddable":true,"href":"https:\/\/cajamar.sp.gov.br\/noticias\/wp-json\/wp\/v2\/posicao?post=35626"}],"curies":[{"name":"wp","href":"https:\/\/api.w.org\/{rel}","templated":true}]}}