{"id":35819,"date":"2024-11-14T17:08:43","date_gmt":"2024-11-14T20:08:43","guid":{"rendered":"https:\/\/cajamar.sp.gov.br\/noticias\/?p=35819"},"modified":"2024-11-14T17:08:43","modified_gmt":"2024-11-14T20:08:43","slug":"fundo-social-de-cajamar-ira-promover-evento-de-conscientizacao-sobre-a-prematuridade","status":"publish","type":"post","link":"https:\/\/cajamar.sp.gov.br\/noticias\/2024\/11\/14\/fundo-social-de-cajamar-ira-promover-evento-de-conscientizacao-sobre-a-prematuridade\/","title":{"rendered":"Fundo Social de Cajamar ir\u00e1 promover evento de conscientiza\u00e7\u00e3o sobre a prematuridade"},"content":{"rendered":"\n<figure class=\"wp-block-gallery has-nested-images columns-default is-cropped wp-block-gallery-1 is-layout-flex wp-block-gallery-is-layout-flex\">\n<figure class=\"wp-block-image size-large\"><img fetchpriority=\"high\" decoding=\"async\" width=\"1000\" height=\"700\" data-id=\"35820\" src=\"https:\/\/cajamar.sp.gov.br\/noticias\/wp-content\/uploads\/sites\/2\/2024\/11\/site-novembro-roxo.jpg\" alt=\"\" class=\"wp-image-35820\" srcset=\"https:\/\/cajamar.sp.gov.br\/noticias\/wp-content\/uploads\/sites\/2\/2024\/11\/site-novembro-roxo.jpg 1000w, https:\/\/cajamar.sp.gov.br\/noticias\/wp-content\/uploads\/sites\/2\/2024\/11\/site-novembro-roxo-768x538.jpg 768w\" sizes=\"(max-width: 1000px) 100vw, 1000px\" \/><\/figure>\n<\/figure>\n\n\n\n<p>No dia <strong>19 de novembro,<\/strong> o <strong>Fundo Social de Solidariedade de Cajamar<\/strong> promover\u00e1 o evento <strong>Novembro Roxo,<\/strong> na <strong>C\u00e2mara Municipal de Cajamar,<\/strong> em celebra\u00e7\u00e3o ao<strong> M\u00eas Internacional de Sensibiliza\u00e7\u00e3o para a Prematuridade.<\/strong> A campanha tem como objetivo conscientizar sobre o aumento do n\u00famero de partos prematuros e a import\u00e2ncia de medidas preventivas para reduzir esse \u00edndice.<\/p>\n\n\n\n<p>O evento ser\u00e1 mediado pela presidente do Fundo Social de Solidariedade, <strong>Nadja Haddad, <\/strong>e contar\u00e1 com palestras de especialistas, incluindo a nutricionista <strong>Fl\u00e1via Dias Audibert,<\/strong> a pediatra neonatologista e intensivista pedi\u00e1trica <strong>Gisela Eug\u00eanio,<\/strong> a psic\u00f3loga <strong>Adna Gueiros<\/strong> e o obstetra <strong>Marcos Schuler.<\/strong> Os profissionais abordar\u00e3o as consequ\u00eancias do nascimento prematuro para o beb\u00ea, sua fam\u00edlia e a sociedade, refor\u00e7ando a import\u00e2ncia da conscientiza\u00e7\u00e3o e do cuidado com a sa\u00fade materno-infantil.<\/p>\n\n\n\n<p>Convidamos todos a participarem desse importante encontro para se informar e apoiar essa causa, contribuindo para a preven\u00e7\u00e3o da prematuridade e o bem-estar dos beb\u00eas. Venha se informar e fa\u00e7a parte desse movimento de conscientiza\u00e7\u00e3o!<\/p>\n\n\n\n<p><strong>NOVEMBRO ROXO \ud83d\udc9c<br>\ud83d\udcc6 19 de novembro<br>\u23f0 14h \u00e0s 17h<br>\ud83d\udccd C\u00e2mara Municipal de Cajamar<br>Av. Prof. Walter Ribas de Andrade n\u00b0 555<\/strong><\/p>\n","protected":false},"excerpt":{"rendered":"<p>O evento contar\u00e1 com palestras de especialistas, incluindo nutricionista, psic\u00f3loga, ginecologista e pediatra<\/p>\n","protected":false},"author":48,"featured_media":35820,"comment_status":"closed","ping_status":"0","sticky":true,"template":"","format":"standard","meta":{"footnotes":""},"categories":[16,1,41,2],"tags":[907,69,1627,2334,2347,2346],"posicao":[28],"class_list":["post-35819","post","type-post","status-publish","format-standard","has-post-thumbnail","hentry","category-fundo-social-cajamar","category-noticias","category-smg","category-saude","tag-bebe-recem-nascido","tag-cajamar","tag-cajamar-centro","tag-conscientizacao","tag-infantil","tag-prematuridade","posicao-destaque"],"_links":{"self":[{"href":"https:\/\/cajamar.sp.gov.br\/noticias\/wp-json\/wp\/v2\/posts\/35819","targetHints":{"allow":["GET"]}}],"collection":[{"href":"https:\/\/cajamar.sp.gov.br\/noticias\/wp-json\/wp\/v2\/posts"}],"about":[{"href":"https:\/\/cajamar.sp.gov.br\/noticias\/wp-json\/wp\/v2\/types\/post"}],"author":[{"embeddable":true,"href":"https:\/\/cajamar.sp.gov.br\/noticias\/wp-json\/wp\/v2\/users\/48"}],"replies":[{"embeddable":true,"href":"https:\/\/cajamar.sp.gov.br\/noticias\/wp-json\/wp\/v2\/comments?post=35819"}],"version-history":[{"count":1,"href":"https:\/\/cajamar.sp.gov.br\/noticias\/wp-json\/wp\/v2\/posts\/35819\/revisions"}],"predecessor-version":[{"id":35821,"href":"https:\/\/cajamar.sp.gov.br\/noticias\/wp-json\/wp\/v2\/posts\/35819\/revisions\/35821"}],"wp:featuredmedia":[{"embeddable":true,"href":"https:\/\/cajamar.sp.gov.br\/noticias\/wp-json\/wp\/v2\/media\/35820"}],"wp:attachment":[{"href":"https:\/\/cajamar.sp.gov.br\/noticias\/wp-json\/wp\/v2\/media?parent=35819"}],"wp:term":[{"taxonomy":"category","embeddable":true,"href":"https:\/\/cajamar.sp.gov.br\/noticias\/wp-json\/wp\/v2\/categories?post=35819"},{"taxonomy":"post_tag","embeddable":true,"href":"https:\/\/cajamar.sp.gov.br\/noticias\/wp-json\/wp\/v2\/tags?post=35819"},{"taxonomy":"posicao","embeddable":true,"href":"https:\/\/cajamar.sp.gov.br\/noticias\/wp-json\/wp\/v2\/posicao?post=35819"}],"curies":[{"name":"wp","href":"https:\/\/api.w.org\/{rel}","templated":true}]}}