{"id":36449,"date":"2025-01-03T11:41:47","date_gmt":"2025-01-03T14:41:47","guid":{"rendered":"https:\/\/cajamar.sp.gov.br\/noticias\/?p=36449"},"modified":"2025-01-10T11:02:11","modified_gmt":"2025-01-10T14:02:11","slug":"kauan-toma-posse-como-prefeito-de-cajamar-em-cerimonia-na-camara-municipal","status":"publish","type":"post","link":"https:\/\/cajamar.sp.gov.br\/noticias\/2025\/01\/03\/kauan-toma-posse-como-prefeito-de-cajamar-em-cerimonia-na-camara-municipal\/","title":{"rendered":"Kau\u00e3n toma posse como prefeito de Cajamar em cerim\u00f4nia na C\u00e2mara Municipal"},"content":{"rendered":"\n<figure class=\"wp-block-image size-large\"><img fetchpriority=\"high\" decoding=\"async\" width=\"1280\" height=\"854\" src=\"https:\/\/cajamar.sp.gov.br\/noticias\/wp-content\/uploads\/sites\/2\/2025\/01\/foto-1280x854.jpeg\" alt=\"\" class=\"wp-image-36450\" srcset=\"https:\/\/cajamar.sp.gov.br\/noticias\/wp-content\/uploads\/sites\/2\/2025\/01\/foto-1280x854.jpeg 1280w, https:\/\/cajamar.sp.gov.br\/noticias\/wp-content\/uploads\/sites\/2\/2025\/01\/foto-768x513.jpeg 768w, https:\/\/cajamar.sp.gov.br\/noticias\/wp-content\/uploads\/sites\/2\/2025\/01\/foto-1536x1025.jpeg 1536w, https:\/\/cajamar.sp.gov.br\/noticias\/wp-content\/uploads\/sites\/2\/2025\/01\/foto.jpeg 2048w\" sizes=\"(max-width: 1280px) 100vw, 1280px\" \/><\/figure>\n\n\n\n<p>Na \u00faltima quarta-feira, 1\u00ba de janeiro, aconteceu na C\u00e2mara Municipal de Cajamar a cerim\u00f4nia de posse do novo prefeito Kau\u00e3n Berto do vice-prefeito Prof. Dr. R\u00e9gis Souza e dos 17 vereadores eleitos para o mandato 2025-2028.<\/p>\n\n\n\n<p>O evento reuniu autoridades, familiares e membros da comunidade em um momento solene de celebra\u00e7\u00e3o e compromisso com o futuro do munic\u00edpio. Entre os presentes, destacaram-se o ex-prefeito Danilo Joan, sua esposa Nadja Haddad, al\u00e9m de lideran\u00e7as pol\u00edticas e os vereadores eleitos.<\/p>\n\n\n\n<p>Eleito com expressiva aprova\u00e7\u00e3o popular, conquistando 92,85% dos votos v\u00e1lidos, Kau\u00e3n inicia seu mandato com o compromisso de dar continuidade ao progresso e desenvolvimento de Cajamar. &#8220;\u00c9 com grande honra e responsabilidade que assumimos esse desafio. Vamos continuar os avan\u00e7os da gest\u00e3o Danilo Joan, com foco em melhorias na sa\u00fade, educa\u00e7\u00e3o, infraestrutura e qualidade de vida para os cajamarenses&#8221;, destacou Kau\u00e3n Berto em seu discurso.<\/p>\n\n\n\n<p>A posse marca o in\u00edcio de uma nova gest\u00e3o que promete trabalhar em parceria com a C\u00e2mara Municipal para atender \u00e0s demandas da popula\u00e7\u00e3o e manter a intensidade dos trabalhos para seguir com o progresso da cidade. <\/p>\n\n\n\n<div class=\"wp-block-group is-layout-grid wp-container-core-group-is-layout-9649a0d9 wp-block-group-is-layout-grid\">\n<figure class=\"wp-block-image size-large\"><img decoding=\"async\" width=\"1280\" height=\"854\" src=\"https:\/\/cajamar.sp.gov.br\/noticias\/wp-content\/uploads\/sites\/2\/2025\/01\/foto-1-1-1280x854.jpeg\" alt=\"\" class=\"wp-image-36455\" srcset=\"https:\/\/cajamar.sp.gov.br\/noticias\/wp-content\/uploads\/sites\/2\/2025\/01\/foto-1-1-1280x854.jpeg 1280w, https:\/\/cajamar.sp.gov.br\/noticias\/wp-content\/uploads\/sites\/2\/2025\/01\/foto-1-1-768x513.jpeg 768w, https:\/\/cajamar.sp.gov.br\/noticias\/wp-content\/uploads\/sites\/2\/2025\/01\/foto-1-1-1536x1025.jpeg 1536w, https:\/\/cajamar.sp.gov.br\/noticias\/wp-content\/uploads\/sites\/2\/2025\/01\/foto-1-1.jpeg 2048w\" sizes=\"(max-width: 1280px) 100vw, 1280px\" \/><\/figure>\n\n\n\n<figure class=\"wp-block-image size-large\"><img decoding=\"async\" width=\"1280\" height=\"854\" src=\"https:\/\/cajamar.sp.gov.br\/noticias\/wp-content\/uploads\/sites\/2\/2025\/01\/foto-2-1-1280x854.jpeg\" alt=\"\" class=\"wp-image-36456\" srcset=\"https:\/\/cajamar.sp.gov.br\/noticias\/wp-content\/uploads\/sites\/2\/2025\/01\/foto-2-1-1280x854.jpeg 1280w, https:\/\/cajamar.sp.gov.br\/noticias\/wp-content\/uploads\/sites\/2\/2025\/01\/foto-2-1-768x513.jpeg 768w, https:\/\/cajamar.sp.gov.br\/noticias\/wp-content\/uploads\/sites\/2\/2025\/01\/foto-2-1-1536x1025.jpeg 1536w, https:\/\/cajamar.sp.gov.br\/noticias\/wp-content\/uploads\/sites\/2\/2025\/01\/foto-2-1.jpeg 2048w\" sizes=\"(max-width: 1280px) 100vw, 1280px\" \/><\/figure>\n\n\n\n<figure class=\"wp-block-image size-large\"><img loading=\"lazy\" decoding=\"async\" width=\"1280\" height=\"854\" src=\"https:\/\/cajamar.sp.gov.br\/noticias\/wp-content\/uploads\/sites\/2\/2025\/01\/foto-3-1280x854.jpeg\" alt=\"\" class=\"wp-image-36457\" srcset=\"https:\/\/cajamar.sp.gov.br\/noticias\/wp-content\/uploads\/sites\/2\/2025\/01\/foto-3-1280x854.jpeg 1280w, https:\/\/cajamar.sp.gov.br\/noticias\/wp-content\/uploads\/sites\/2\/2025\/01\/foto-3-768x513.jpeg 768w, https:\/\/cajamar.sp.gov.br\/noticias\/wp-content\/uploads\/sites\/2\/2025\/01\/foto-3-1536x1025.jpeg 1536w, https:\/\/cajamar.sp.gov.br\/noticias\/wp-content\/uploads\/sites\/2\/2025\/01\/foto-3.jpeg 2048w\" sizes=\"(max-width: 1280px) 100vw, 1280px\" \/><\/figure>\n<\/div>\n\n\n\n<p><\/p>\n","protected":false},"excerpt":{"rendered":"<p>Evento marca o in\u00edcio do mandato 2025-2028 com a posse do vice-prefeito Prof. Dr. R\u00e9gis Souza e dos 17 vereadores eleitos<\/p>\n","protected":false},"author":11,"featured_media":36450,"comment_status":"closed","ping_status":"closed","sticky":true,"template":"","format":"standard","meta":{"footnotes":""},"categories":[25,1,41],"tags":[2440,2439],"posicao":[28],"class_list":["post-36449","post","type-post","status-publish","format-standard","has-post-thumbnail","hentry","category-governo","category-noticias","category-smg","tag-cerimonia-de-posse","tag-kauan-prefeito","posicao-destaque"],"_links":{"self":[{"href":"https:\/\/cajamar.sp.gov.br\/noticias\/wp-json\/wp\/v2\/posts\/36449","targetHints":{"allow":["GET"]}}],"collection":[{"href":"https:\/\/cajamar.sp.gov.br\/noticias\/wp-json\/wp\/v2\/posts"}],"about":[{"href":"https:\/\/cajamar.sp.gov.br\/noticias\/wp-json\/wp\/v2\/types\/post"}],"author":[{"embeddable":true,"href":"https:\/\/cajamar.sp.gov.br\/noticias\/wp-json\/wp\/v2\/users\/11"}],"replies":[{"embeddable":true,"href":"https:\/\/cajamar.sp.gov.br\/noticias\/wp-json\/wp\/v2\/comments?post=36449"}],"version-history":[{"count":3,"href":"https:\/\/cajamar.sp.gov.br\/noticias\/wp-json\/wp\/v2\/posts\/36449\/revisions"}],"predecessor-version":[{"id":36461,"href":"https:\/\/cajamar.sp.gov.br\/noticias\/wp-json\/wp\/v2\/posts\/36449\/revisions\/36461"}],"wp:featuredmedia":[{"embeddable":true,"href":"https:\/\/cajamar.sp.gov.br\/noticias\/wp-json\/wp\/v2\/media\/36450"}],"wp:attachment":[{"href":"https:\/\/cajamar.sp.gov.br\/noticias\/wp-json\/wp\/v2\/media?parent=36449"}],"wp:term":[{"taxonomy":"category","embeddable":true,"href":"https:\/\/cajamar.sp.gov.br\/noticias\/wp-json\/wp\/v2\/categories?post=36449"},{"taxonomy":"post_tag","embeddable":true,"href":"https:\/\/cajamar.sp.gov.br\/noticias\/wp-json\/wp\/v2\/tags?post=36449"},{"taxonomy":"posicao","embeddable":true,"href":"https:\/\/cajamar.sp.gov.br\/noticias\/wp-json\/wp\/v2\/posicao?post=36449"}],"curies":[{"name":"wp","href":"https:\/\/api.w.org\/{rel}","templated":true}]}}