{"id":36462,"date":"2025-01-03T17:19:23","date_gmt":"2025-01-03T20:19:23","guid":{"rendered":"https:\/\/cajamar.sp.gov.br\/noticias\/?p=36462"},"modified":"2025-01-10T11:03:18","modified_gmt":"2025-01-10T14:03:18","slug":"tarifa-de-onibus-nao-tera-aumento-em-cajamar","status":"publish","type":"post","link":"https:\/\/cajamar.sp.gov.br\/noticias\/2025\/01\/03\/tarifa-de-onibus-nao-tera-aumento-em-cajamar\/","title":{"rendered":"Tarifa de \u00f4nibus n\u00e3o ter\u00e1 aumento em Cajamar"},"content":{"rendered":"\n<figure class=\"wp-block-gallery has-nested-images columns-default is-cropped wp-block-gallery-1 is-layout-flex wp-block-gallery-is-layout-flex\">\n<figure class=\"wp-block-image size-large\"><img fetchpriority=\"high\" decoding=\"async\" width=\"1280\" height=\"853\" data-id=\"36463\" src=\"https:\/\/cajamar.sp.gov.br\/noticias\/wp-content\/uploads\/sites\/2\/2025\/01\/foto-14-1280x853.jpeg\" alt=\"\" class=\"wp-image-36463\" srcset=\"https:\/\/cajamar.sp.gov.br\/noticias\/wp-content\/uploads\/sites\/2\/2025\/01\/foto-14-1280x853.jpeg 1280w, https:\/\/cajamar.sp.gov.br\/noticias\/wp-content\/uploads\/sites\/2\/2025\/01\/foto-14-768x512.jpeg 768w, https:\/\/cajamar.sp.gov.br\/noticias\/wp-content\/uploads\/sites\/2\/2025\/01\/foto-14-1536x1024.jpeg 1536w, https:\/\/cajamar.sp.gov.br\/noticias\/wp-content\/uploads\/sites\/2\/2025\/01\/foto-14.jpeg 2048w\" sizes=\"(max-width: 1280px) 100vw, 1280px\" \/><\/figure>\n<\/figure>\n\n\n\n<p>A Prefeitura de Cajamar, atrav\u00e9s da Secretaria de Mobilidade e Desenvolvimento Urbano, anunciou nesta quinta-feira, 2 de janeiro, que a tarifa do transporte coletivo no munic\u00edpio permanecer\u00e1 congelada em 2025. Com isso, o valor da passagem continua sendo R$ 4,60.<\/p>\n\n\n\n<p>Durante o an\u00fancio, o atual prefeito, Kau\u00e3n Berto, refor\u00e7ou o compromisso da gest\u00e3o em garantir os direitos da popula\u00e7\u00e3o. \u201cEste \u00e9 o sexto ano de tarifa congelada no munic\u00edpio, seguindo a meta da gest\u00e3o anterior e o compromisso da continuidade em oferecer o melhor para os cajamarenses\u201d, destacou o chefe do executivo.<\/p>\n\n\n\n<p>A administra\u00e7\u00e3o municipal tamb\u00e9m segue empenhada em reivindicar melhorias junto \u00e0 empresa respons\u00e1vel pelo transporte coletivo no munic\u00edpio, buscando aprimorar a qualidade do servi\u00e7o oferecido \u00e0 popula\u00e7\u00e3o.<\/p>\n\n\n\n<p>Al\u00e9m disso, a Prefeitura de Cajamar est\u00e1 avaliando a implementa\u00e7\u00e3o da \u201ctarifa zero\u201d aos domingos. A iniciativa tem como objetivo facilitar o acesso ao transporte p\u00fablico nos finais de semana, promovendo atividades de lazer e atendendo a deslocamentos essenciais de maneira mais acess\u00edvel.<\/p>\n\n\n\n<figure class=\"wp-block-gallery has-nested-images columns-default is-cropped wp-block-gallery-2 is-layout-flex wp-block-gallery-is-layout-flex\">\n<figure class=\"wp-block-image size-large\"><img decoding=\"async\" width=\"1280\" height=\"853\" data-id=\"36464\" src=\"https:\/\/cajamar.sp.gov.br\/noticias\/wp-content\/uploads\/sites\/2\/2025\/01\/foto-15-1280x853.jpeg\" alt=\"\" class=\"wp-image-36464\" srcset=\"https:\/\/cajamar.sp.gov.br\/noticias\/wp-content\/uploads\/sites\/2\/2025\/01\/foto-15-1280x853.jpeg 1280w, https:\/\/cajamar.sp.gov.br\/noticias\/wp-content\/uploads\/sites\/2\/2025\/01\/foto-15-768x512.jpeg 768w, https:\/\/cajamar.sp.gov.br\/noticias\/wp-content\/uploads\/sites\/2\/2025\/01\/foto-15-1536x1024.jpeg 1536w, https:\/\/cajamar.sp.gov.br\/noticias\/wp-content\/uploads\/sites\/2\/2025\/01\/foto-15.jpeg 2048w\" sizes=\"(max-width: 1280px) 100vw, 1280px\" \/><\/figure>\n<\/figure>\n","protected":false},"excerpt":{"rendered":"<p>Com isso, o valor do transporte coletivo municipal permanece com o valor de R$ 4,60<\/p>\n","protected":false},"author":11,"featured_media":0,"comment_status":"closed","ping_status":"closed","sticky":true,"template":"","format":"standard","meta":{"footnotes":""},"categories":[19,38],"tags":[1318,598,2442],"posicao":[28],"class_list":["post-36462","post","type-post","status-publish","format-standard","hentry","category-mobilidade","category-desenvolvimento-urbano-e-economico","tag-transporte-coletivo","tag-transporte-municipal","tag-urubupunga","posicao-destaque"],"_links":{"self":[{"href":"https:\/\/cajamar.sp.gov.br\/noticias\/wp-json\/wp\/v2\/posts\/36462","targetHints":{"allow":["GET"]}}],"collection":[{"href":"https:\/\/cajamar.sp.gov.br\/noticias\/wp-json\/wp\/v2\/posts"}],"about":[{"href":"https:\/\/cajamar.sp.gov.br\/noticias\/wp-json\/wp\/v2\/types\/post"}],"author":[{"embeddable":true,"href":"https:\/\/cajamar.sp.gov.br\/noticias\/wp-json\/wp\/v2\/users\/11"}],"replies":[{"embeddable":true,"href":"https:\/\/cajamar.sp.gov.br\/noticias\/wp-json\/wp\/v2\/comments?post=36462"}],"version-history":[{"count":1,"href":"https:\/\/cajamar.sp.gov.br\/noticias\/wp-json\/wp\/v2\/posts\/36462\/revisions"}],"predecessor-version":[{"id":36465,"href":"https:\/\/cajamar.sp.gov.br\/noticias\/wp-json\/wp\/v2\/posts\/36462\/revisions\/36465"}],"wp:attachment":[{"href":"https:\/\/cajamar.sp.gov.br\/noticias\/wp-json\/wp\/v2\/media?parent=36462"}],"wp:term":[{"taxonomy":"category","embeddable":true,"href":"https:\/\/cajamar.sp.gov.br\/noticias\/wp-json\/wp\/v2\/categories?post=36462"},{"taxonomy":"post_tag","embeddable":true,"href":"https:\/\/cajamar.sp.gov.br\/noticias\/wp-json\/wp\/v2\/tags?post=36462"},{"taxonomy":"posicao","embeddable":true,"href":"https:\/\/cajamar.sp.gov.br\/noticias\/wp-json\/wp\/v2\/posicao?post=36462"}],"curies":[{"name":"wp","href":"https:\/\/api.w.org\/{rel}","templated":true}]}}