{"id":36651,"date":"2025-01-18T09:02:57","date_gmt":"2025-01-18T12:02:57","guid":{"rendered":"https:\/\/cajamar.sp.gov.br\/noticias\/?p=36651"},"modified":"2025-01-18T14:27:58","modified_gmt":"2025-01-18T17:27:58","slug":"movimenta-cajamar-edicao-verao-comeca-na-proxima-semana-no-campo-do-12","status":"publish","type":"post","link":"https:\/\/cajamar.sp.gov.br\/noticias\/2025\/01\/18\/movimenta-cajamar-edicao-verao-comeca-na-proxima-semana-no-campo-do-12\/","title":{"rendered":"Movimenta Cajamar- Edi\u00e7\u00e3o Ver\u00e3o come\u00e7a na pr\u00f3xima semana no Campo do 12"},"content":{"rendered":"\n<figure class=\"wp-block-image size-full\"><img fetchpriority=\"high\" decoding=\"async\" width=\"1200\" height=\"627\" src=\"https:\/\/cajamar.sp.gov.br\/noticias\/wp-content\/uploads\/sites\/2\/2025\/01\/site-1200x627-5-1.png\" alt=\"\" class=\"wp-image-36662\" srcset=\"https:\/\/cajamar.sp.gov.br\/noticias\/wp-content\/uploads\/sites\/2\/2025\/01\/site-1200x627-5-1.png 1200w, https:\/\/cajamar.sp.gov.br\/noticias\/wp-content\/uploads\/sites\/2\/2025\/01\/site-1200x627-5-1-768x401.png 768w\" sizes=\"(max-width: 1200px) 100vw, 1200px\" \/><\/figure>\n\n\n\n<p>A partir da pr\u00f3xima semana, a Prefeitura de Cajamar, por meio da Secretaria de Esportes, Lazer e Cultura, ir\u00e1 iniciar o <strong>&#8220;Movimenta Cajamar &#8211; Edi\u00e7\u00e3o Ver\u00e3o&#8221;<\/strong>, no Est\u00e1dio de Futebol Antonio Fachina &#8211; Campo do 12, no Polvilho.<\/p>\n\n\n\n<p>Com o objetivo de incentivar a pr\u00e1tica de atividades f\u00edsicas e promover bem-estar, o projeto oferecer\u00e1 <strong>AULAS GRATUITAS<\/strong> de segunda a sexta-feira, alternando entre aulas funcionais e aulas de ritmos, conforme o cronograma abaixo:<\/p>\n\n\n\n<ul class=\"wp-block-list\">\n<li><strong>Segunda-feira: <\/strong>Ritmos (Lu Domingues)<\/li>\n\n\n\n<li><strong>Ter\u00e7a-feira: <\/strong>Funcional (Marcio)<\/li>\n\n\n\n<li><strong>Quarta-feira:<\/strong> Ritmos (Lu Domingues)<\/li>\n\n\n\n<li><strong>Quinta-feira: <\/strong>Aula Funcional (Matheus)<\/li>\n\n\n\n<li><strong>Sexta-feira:<\/strong> Aula Funcional (Marcio)<\/li>\n<\/ul>\n\n\n\n<p>DE 21 de janeiro at\u00e9 28 de fevereiro&nbsp;<br><strong>HOR\u00c1RIO:<\/strong> das 19h \u00e0s 20h<\/p>\n\n\n\n<p>Participe e comece o ano cuidando da sa\u00fade e se divertindo! Convide seus amigos e familiares para fazer parte dessa iniciativa.<\/p>\n","protected":false},"excerpt":{"rendered":"<p>Iniciativa promove bem-estar e sa\u00fade com aulas funcionais e de ritmos de segunda a sexta-feira, das 19h \u00e0s 20h, a partir de 21 de janeiro<\/p>\n","protected":false},"author":11,"featured_media":0,"comment_status":"closed","ping_status":"closed","sticky":true,"template":"","format":"standard","meta":{"footnotes":""},"categories":[5,1,36],"tags":[1848,1448,2449,1066],"posicao":[28],"class_list":["post-36651","post","type-post","status-publish","format-standard","hentry","category-esportes-e-lazer","category-noticias","category-esportes-lazer-e-cultura","tag-aula-de-ritmos","tag-aulas-de-funcional","tag-esportes-cajamar","tag-movimenta-cajamar","posicao-destaque"],"_links":{"self":[{"href":"https:\/\/cajamar.sp.gov.br\/noticias\/wp-json\/wp\/v2\/posts\/36651","targetHints":{"allow":["GET"]}}],"collection":[{"href":"https:\/\/cajamar.sp.gov.br\/noticias\/wp-json\/wp\/v2\/posts"}],"about":[{"href":"https:\/\/cajamar.sp.gov.br\/noticias\/wp-json\/wp\/v2\/types\/post"}],"author":[{"embeddable":true,"href":"https:\/\/cajamar.sp.gov.br\/noticias\/wp-json\/wp\/v2\/users\/11"}],"replies":[{"embeddable":true,"href":"https:\/\/cajamar.sp.gov.br\/noticias\/wp-json\/wp\/v2\/comments?post=36651"}],"version-history":[{"count":4,"href":"https:\/\/cajamar.sp.gov.br\/noticias\/wp-json\/wp\/v2\/posts\/36651\/revisions"}],"predecessor-version":[{"id":36663,"href":"https:\/\/cajamar.sp.gov.br\/noticias\/wp-json\/wp\/v2\/posts\/36651\/revisions\/36663"}],"wp:attachment":[{"href":"https:\/\/cajamar.sp.gov.br\/noticias\/wp-json\/wp\/v2\/media?parent=36651"}],"wp:term":[{"taxonomy":"category","embeddable":true,"href":"https:\/\/cajamar.sp.gov.br\/noticias\/wp-json\/wp\/v2\/categories?post=36651"},{"taxonomy":"post_tag","embeddable":true,"href":"https:\/\/cajamar.sp.gov.br\/noticias\/wp-json\/wp\/v2\/tags?post=36651"},{"taxonomy":"posicao","embeddable":true,"href":"https:\/\/cajamar.sp.gov.br\/noticias\/wp-json\/wp\/v2\/posicao?post=36651"}],"curies":[{"name":"wp","href":"https:\/\/api.w.org\/{rel}","templated":true}]}}