{"id":36693,"date":"2025-01-21T17:16:15","date_gmt":"2025-01-21T20:16:15","guid":{"rendered":"https:\/\/cajamar.sp.gov.br\/noticias\/?p=36693"},"modified":"2025-01-21T17:26:06","modified_gmt":"2025-01-21T20:26:06","slug":"festa-em-homenagem-ao-padroeiro-sao-sebastiao-reune-multidao-em-cajamar","status":"publish","type":"post","link":"https:\/\/cajamar.sp.gov.br\/noticias\/2025\/01\/21\/festa-em-homenagem-ao-padroeiro-sao-sebastiao-reune-multidao-em-cajamar\/","title":{"rendered":"Festa em Homenagem ao Padroeiro S\u00e3o Sebasti\u00e3o reuniu diversas fam\u00edlias em Cajamar"},"content":{"rendered":"\n<figure class=\"wp-block-image size-large\"><img fetchpriority=\"high\" decoding=\"async\" width=\"1280\" height=\"960\" src=\"https:\/\/cajamar.sp.gov.br\/noticias\/wp-content\/uploads\/sites\/2\/2025\/01\/foto1-1280x960.jpeg\" alt=\"\" class=\"wp-image-36694\" srcset=\"https:\/\/cajamar.sp.gov.br\/noticias\/wp-content\/uploads\/sites\/2\/2025\/01\/foto1-1280x960.jpeg 1280w, https:\/\/cajamar.sp.gov.br\/noticias\/wp-content\/uploads\/sites\/2\/2025\/01\/foto1-300x225.jpeg 300w, https:\/\/cajamar.sp.gov.br\/noticias\/wp-content\/uploads\/sites\/2\/2025\/01\/foto1-768x576.jpeg 768w, https:\/\/cajamar.sp.gov.br\/noticias\/wp-content\/uploads\/sites\/2\/2025\/01\/foto1-1536x1152.jpeg 1536w, https:\/\/cajamar.sp.gov.br\/noticias\/wp-content\/uploads\/sites\/2\/2025\/01\/foto1.jpeg 2048w\" sizes=\"(max-width: 1280px) 100vw, 1280px\" \/><\/figure>\n\n\n\n<p>No \u00faltimo final de semana, Cajamar celebrou a festa em homenagem ao padroeiro S\u00e3o Sebasti\u00e3o. Durante tr\u00eas dias, a Avenida Prof. Walter Ribas de Andrade, pr\u00f3ximo \u00e0 Par\u00f3quia S\u00e3o Sebasti\u00e3o, reuniu moradores e visitantes em momentos de f\u00e9 e confraterniza\u00e7\u00e3o, com atra\u00e7\u00f5es que movimentaram a cidade.<\/p>\n\n\n\n<p>As festividades come\u00e7aram no s\u00e1bado (18) com uma programa\u00e7\u00e3o animada, incluindo m\u00fasica ao vivo e uma diversificada pra\u00e7a de alimenta\u00e7\u00e3o. No domingo (19), a comemora\u00e7\u00e3o ganhou destaque com a tradicional Corrida de S\u00e3o Sebasti\u00e3o, seguida por uma &#8216;A\u00e7\u00e3o entre Amigos&#8217;, que sorteou diversos pr\u00eamios e contou com grande participa\u00e7\u00e3o do p\u00fablico. O dia foi finalizado com mais m\u00fasica ao vivo e a continuidade das atra\u00e7\u00f5es gastron\u00f4micas.<\/p>\n\n\n\n<p>Na segunda-feira, 20 de janeiro, Dia de S\u00e3o Sebasti\u00e3o, os fi\u00e9is se reuniram pela manh\u00e3 para a prociss\u00e3o e a missa solene. \u00c0 noite, as celebra\u00e7\u00f5es foram encerradas com uma missa especial presidida pelo Bispo Diocesano, Dom Vicente, em uma cerim\u00f4nia que simbolizou o encerramento das festividades de 2025 com chave de ouro.<\/p>\n\n\n\n<div class=\"wp-block-columns is-layout-flex wp-container-core-columns-is-layout-9d6595d7 wp-block-columns-is-layout-flex\">\n<div class=\"wp-block-column is-layout-flow wp-block-column-is-layout-flow\" style=\"flex-basis:100%\">\n<div class=\"wp-block-group is-layout-grid wp-container-core-group-is-layout-9649a0d9 wp-block-group-is-layout-grid\">\n<figure class=\"wp-block-image size-large\"><img decoding=\"async\" width=\"1280\" height=\"960\" src=\"https:\/\/cajamar.sp.gov.br\/noticias\/wp-content\/uploads\/sites\/2\/2025\/01\/foto2-1280x960.jpeg\" alt=\"\" class=\"wp-image-36695\" srcset=\"https:\/\/cajamar.sp.gov.br\/noticias\/wp-content\/uploads\/sites\/2\/2025\/01\/foto2-1280x960.jpeg 1280w, https:\/\/cajamar.sp.gov.br\/noticias\/wp-content\/uploads\/sites\/2\/2025\/01\/foto2-300x225.jpeg 300w, https:\/\/cajamar.sp.gov.br\/noticias\/wp-content\/uploads\/sites\/2\/2025\/01\/foto2-768x576.jpeg 768w, https:\/\/cajamar.sp.gov.br\/noticias\/wp-content\/uploads\/sites\/2\/2025\/01\/foto2-1536x1152.jpeg 1536w, https:\/\/cajamar.sp.gov.br\/noticias\/wp-content\/uploads\/sites\/2\/2025\/01\/foto2.jpeg 2048w\" sizes=\"(max-width: 1280px) 100vw, 1280px\" \/><\/figure>\n\n\n\n<figure class=\"wp-block-gallery has-nested-images columns-default is-cropped wp-block-gallery-1 is-layout-flex wp-block-gallery-is-layout-flex\">\n<figure class=\"wp-block-image size-large\"><img decoding=\"async\" width=\"1280\" height=\"960\" data-id=\"36696\" src=\"https:\/\/cajamar.sp.gov.br\/noticias\/wp-content\/uploads\/sites\/2\/2025\/01\/foto3-1280x960.jpeg\" alt=\"\" class=\"wp-image-36696\" srcset=\"https:\/\/cajamar.sp.gov.br\/noticias\/wp-content\/uploads\/sites\/2\/2025\/01\/foto3-1280x960.jpeg 1280w, https:\/\/cajamar.sp.gov.br\/noticias\/wp-content\/uploads\/sites\/2\/2025\/01\/foto3-300x225.jpeg 300w, https:\/\/cajamar.sp.gov.br\/noticias\/wp-content\/uploads\/sites\/2\/2025\/01\/foto3-768x576.jpeg 768w, https:\/\/cajamar.sp.gov.br\/noticias\/wp-content\/uploads\/sites\/2\/2025\/01\/foto3-1536x1152.jpeg 1536w, https:\/\/cajamar.sp.gov.br\/noticias\/wp-content\/uploads\/sites\/2\/2025\/01\/foto3.jpeg 2048w\" sizes=\"(max-width: 1280px) 100vw, 1280px\" \/><\/figure>\n<\/figure>\n\n\n\n<figure class=\"wp-block-image size-large\"><img loading=\"lazy\" decoding=\"async\" width=\"1280\" height=\"960\" src=\"https:\/\/cajamar.sp.gov.br\/noticias\/wp-content\/uploads\/sites\/2\/2025\/01\/foto4-1280x960.jpeg\" alt=\"\" class=\"wp-image-36697\" srcset=\"https:\/\/cajamar.sp.gov.br\/noticias\/wp-content\/uploads\/sites\/2\/2025\/01\/foto4-1280x960.jpeg 1280w, https:\/\/cajamar.sp.gov.br\/noticias\/wp-content\/uploads\/sites\/2\/2025\/01\/foto4-300x225.jpeg 300w, https:\/\/cajamar.sp.gov.br\/noticias\/wp-content\/uploads\/sites\/2\/2025\/01\/foto4-768x576.jpeg 768w, https:\/\/cajamar.sp.gov.br\/noticias\/wp-content\/uploads\/sites\/2\/2025\/01\/foto4-1536x1152.jpeg 1536w, https:\/\/cajamar.sp.gov.br\/noticias\/wp-content\/uploads\/sites\/2\/2025\/01\/foto4.jpeg 2048w\" sizes=\"(max-width: 1280px) 100vw, 1280px\" \/><\/figure>\n\n\n\n<div class=\"wp-block-group is-layout-grid wp-container-core-group-is-layout-9649a0d9 wp-block-group-is-layout-grid\">\n<figure class=\"wp-block-image size-large\"><img loading=\"lazy\" decoding=\"async\" width=\"1280\" height=\"960\" src=\"https:\/\/cajamar.sp.gov.br\/noticias\/wp-content\/uploads\/sites\/2\/2025\/01\/foto5-1-1280x960.jpeg\" alt=\"\" class=\"wp-image-36699\" srcset=\"https:\/\/cajamar.sp.gov.br\/noticias\/wp-content\/uploads\/sites\/2\/2025\/01\/foto5-1-1280x960.jpeg 1280w, https:\/\/cajamar.sp.gov.br\/noticias\/wp-content\/uploads\/sites\/2\/2025\/01\/foto5-1-300x225.jpeg 300w, https:\/\/cajamar.sp.gov.br\/noticias\/wp-content\/uploads\/sites\/2\/2025\/01\/foto5-1-768x576.jpeg 768w, https:\/\/cajamar.sp.gov.br\/noticias\/wp-content\/uploads\/sites\/2\/2025\/01\/foto5-1-1536x1152.jpeg 1536w, https:\/\/cajamar.sp.gov.br\/noticias\/wp-content\/uploads\/sites\/2\/2025\/01\/foto5-1.jpeg 2048w\" sizes=\"(max-width: 1280px) 100vw, 1280px\" \/><\/figure>\n<\/div>\n\n\n\n<figure class=\"wp-block-gallery has-nested-images columns-default is-cropped wp-block-gallery-2 is-layout-flex wp-block-gallery-is-layout-flex\">\n<figure class=\"wp-block-image size-large\"><img loading=\"lazy\" decoding=\"async\" width=\"1280\" height=\"960\" data-id=\"36700\" src=\"https:\/\/cajamar.sp.gov.br\/noticias\/wp-content\/uploads\/sites\/2\/2025\/01\/foto6-1280x960.jpeg\" alt=\"\" class=\"wp-image-36700\" srcset=\"https:\/\/cajamar.sp.gov.br\/noticias\/wp-content\/uploads\/sites\/2\/2025\/01\/foto6-1280x960.jpeg 1280w, https:\/\/cajamar.sp.gov.br\/noticias\/wp-content\/uploads\/sites\/2\/2025\/01\/foto6-300x225.jpeg 300w, https:\/\/cajamar.sp.gov.br\/noticias\/wp-content\/uploads\/sites\/2\/2025\/01\/foto6-768x576.jpeg 768w, https:\/\/cajamar.sp.gov.br\/noticias\/wp-content\/uploads\/sites\/2\/2025\/01\/foto6-1536x1152.jpeg 1536w, https:\/\/cajamar.sp.gov.br\/noticias\/wp-content\/uploads\/sites\/2\/2025\/01\/foto6.jpeg 2048w\" sizes=\"(max-width: 1280px) 100vw, 1280px\" \/><\/figure>\n<\/figure>\n\n\n\n<div class=\"wp-block-group is-layout-grid wp-container-core-group-is-layout-9649a0d9 wp-block-group-is-layout-grid\">\n<figure class=\"wp-block-image size-large\"><img loading=\"lazy\" decoding=\"async\" width=\"1280\" height=\"960\" src=\"https:\/\/cajamar.sp.gov.br\/noticias\/wp-content\/uploads\/sites\/2\/2025\/01\/foto8-1280x960.jpeg\" alt=\"\" class=\"wp-image-36703\" srcset=\"https:\/\/cajamar.sp.gov.br\/noticias\/wp-content\/uploads\/sites\/2\/2025\/01\/foto8-1280x960.jpeg 1280w, https:\/\/cajamar.sp.gov.br\/noticias\/wp-content\/uploads\/sites\/2\/2025\/01\/foto8-300x225.jpeg 300w, https:\/\/cajamar.sp.gov.br\/noticias\/wp-content\/uploads\/sites\/2\/2025\/01\/foto8-768x576.jpeg 768w, https:\/\/cajamar.sp.gov.br\/noticias\/wp-content\/uploads\/sites\/2\/2025\/01\/foto8-1536x1152.jpeg 1536w, https:\/\/cajamar.sp.gov.br\/noticias\/wp-content\/uploads\/sites\/2\/2025\/01\/foto8.jpeg 2048w\" sizes=\"(max-width: 1280px) 100vw, 1280px\" \/><\/figure>\n<\/div>\n\n\n\n<figure class=\"wp-block-gallery has-nested-images columns-default is-cropped wp-block-gallery-3 is-layout-flex wp-block-gallery-is-layout-flex\">\n<figure class=\"wp-block-image size-large\"><img loading=\"lazy\" decoding=\"async\" width=\"1280\" height=\"853\" data-id=\"36704\" src=\"https:\/\/cajamar.sp.gov.br\/noticias\/wp-content\/uploads\/sites\/2\/2025\/01\/foto9-1280x853.jpeg\" alt=\"\" class=\"wp-image-36704\" srcset=\"https:\/\/cajamar.sp.gov.br\/noticias\/wp-content\/uploads\/sites\/2\/2025\/01\/foto9-1280x853.jpeg 1280w, https:\/\/cajamar.sp.gov.br\/noticias\/wp-content\/uploads\/sites\/2\/2025\/01\/foto9-768x512.jpeg 768w, https:\/\/cajamar.sp.gov.br\/noticias\/wp-content\/uploads\/sites\/2\/2025\/01\/foto9-1536x1024.jpeg 1536w, https:\/\/cajamar.sp.gov.br\/noticias\/wp-content\/uploads\/sites\/2\/2025\/01\/foto9.jpeg 2048w\" sizes=\"(max-width: 1280px) 100vw, 1280px\" \/><\/figure>\n<\/figure>\n\n\n\n<figure class=\"wp-block-image size-large\"><img loading=\"lazy\" decoding=\"async\" width=\"1280\" height=\"960\" src=\"https:\/\/cajamar.sp.gov.br\/noticias\/wp-content\/uploads\/sites\/2\/2025\/01\/foto10-2-1280x960.jpeg\" alt=\"\" class=\"wp-image-36705\" srcset=\"https:\/\/cajamar.sp.gov.br\/noticias\/wp-content\/uploads\/sites\/2\/2025\/01\/foto10-2-1280x960.jpeg 1280w, https:\/\/cajamar.sp.gov.br\/noticias\/wp-content\/uploads\/sites\/2\/2025\/01\/foto10-2-300x225.jpeg 300w, https:\/\/cajamar.sp.gov.br\/noticias\/wp-content\/uploads\/sites\/2\/2025\/01\/foto10-2-768x576.jpeg 768w, https:\/\/cajamar.sp.gov.br\/noticias\/wp-content\/uploads\/sites\/2\/2025\/01\/foto10-2-1536x1152.jpeg 1536w, https:\/\/cajamar.sp.gov.br\/noticias\/wp-content\/uploads\/sites\/2\/2025\/01\/foto10-2.jpeg 2048w\" sizes=\"(max-width: 1280px) 100vw, 1280px\" \/><\/figure>\n<\/div>\n<\/div>\n<\/div>\n\n\n\n<p><\/p>\n","protected":false},"excerpt":{"rendered":"<p>A comemora\u00e7\u00e3o aconteceu nos dias 18, 19 e 20 de janeiro e contou com prociss\u00e3o, missa solene, show de pr\u00eamios, apresenta\u00e7\u00e3o de cantores e bandas locais e pra\u00e7a de alimenta\u00e7\u00e3o<\/p>\n","protected":false},"author":11,"featured_media":36694,"comment_status":"closed","ping_status":"closed","sticky":true,"template":"","format":"standard","meta":{"footnotes":""},"categories":[1,51],"tags":[2464,2465],"posicao":[28],"class_list":["post-36693","post","type-post","status-publish","format-standard","has-post-thumbnail","hentry","category-noticias","category-comunicacao-e-gestao-de-eventos","tag-festa-de-sao-sebastiao","tag-padroeiro-de-cajamar","posicao-destaque"],"_links":{"self":[{"href":"https:\/\/cajamar.sp.gov.br\/noticias\/wp-json\/wp\/v2\/posts\/36693","targetHints":{"allow":["GET"]}}],"collection":[{"href":"https:\/\/cajamar.sp.gov.br\/noticias\/wp-json\/wp\/v2\/posts"}],"about":[{"href":"https:\/\/cajamar.sp.gov.br\/noticias\/wp-json\/wp\/v2\/types\/post"}],"author":[{"embeddable":true,"href":"https:\/\/cajamar.sp.gov.br\/noticias\/wp-json\/wp\/v2\/users\/11"}],"replies":[{"embeddable":true,"href":"https:\/\/cajamar.sp.gov.br\/noticias\/wp-json\/wp\/v2\/comments?post=36693"}],"version-history":[{"count":3,"href":"https:\/\/cajamar.sp.gov.br\/noticias\/wp-json\/wp\/v2\/posts\/36693\/revisions"}],"predecessor-version":[{"id":36708,"href":"https:\/\/cajamar.sp.gov.br\/noticias\/wp-json\/wp\/v2\/posts\/36693\/revisions\/36708"}],"wp:featuredmedia":[{"embeddable":true,"href":"https:\/\/cajamar.sp.gov.br\/noticias\/wp-json\/wp\/v2\/media\/36694"}],"wp:attachment":[{"href":"https:\/\/cajamar.sp.gov.br\/noticias\/wp-json\/wp\/v2\/media?parent=36693"}],"wp:term":[{"taxonomy":"category","embeddable":true,"href":"https:\/\/cajamar.sp.gov.br\/noticias\/wp-json\/wp\/v2\/categories?post=36693"},{"taxonomy":"post_tag","embeddable":true,"href":"https:\/\/cajamar.sp.gov.br\/noticias\/wp-json\/wp\/v2\/tags?post=36693"},{"taxonomy":"posicao","embeddable":true,"href":"https:\/\/cajamar.sp.gov.br\/noticias\/wp-json\/wp\/v2\/posicao?post=36693"}],"curies":[{"name":"wp","href":"https:\/\/api.w.org\/{rel}","templated":true}]}}