{"id":36786,"date":"2025-01-27T16:35:41","date_gmt":"2025-01-27T19:35:41","guid":{"rendered":"https:\/\/cajamar.sp.gov.br\/noticias\/?p=36786"},"modified":"2025-01-27T16:53:37","modified_gmt":"2025-01-27T19:53:37","slug":"movimenta-cajamar-edicao-verao-chega-a-novos-bairros","status":"publish","type":"post","link":"https:\/\/cajamar.sp.gov.br\/noticias\/2025\/01\/27\/movimenta-cajamar-edicao-verao-chega-a-novos-bairros\/","title":{"rendered":"&#8220;Movimenta Cajamar &#8211; Edi\u00e7\u00e3o Ver\u00e3o&#8221; chega a novos bairros"},"content":{"rendered":"\n<figure class=\"wp-block-image size-full\"><img fetchpriority=\"high\" decoding=\"async\" width=\"1200\" height=\"627\" src=\"https:\/\/cajamar.sp.gov.br\/noticias\/wp-content\/uploads\/sites\/2\/2025\/01\/1200x627.png\" alt=\"\" class=\"wp-image-36787\" srcset=\"https:\/\/cajamar.sp.gov.br\/noticias\/wp-content\/uploads\/sites\/2\/2025\/01\/1200x627.png 1200w, https:\/\/cajamar.sp.gov.br\/noticias\/wp-content\/uploads\/sites\/2\/2025\/01\/1200x627-768x401.png 768w\" sizes=\"(max-width: 1200px) 100vw, 1200px\" \/><\/figure>\n\n\n\n<p>Ap\u00f3s o grande sucesso da primeira semana do <strong>&#8220;Movimenta Cajamar &#8211; Edi\u00e7\u00e3o Ver\u00e3o&#8221;<\/strong>, que iniciou no Campo do 12, no Polvilho, a Secretaria de Esportes, Lazer e Cultura decidiu ampliar o projeto! Agora, as aulas de ritmos e funcionais ser\u00e3o realizadas tamb\u00e9m em Jordan\u00e9sia, Ponunduva e no bairro S\u00e3o Benedito (Km 43).<\/p>\n\n\n\n<p>A iniciativa tem como objetivo incentivar a pr\u00e1tica de atividades f\u00edsicas e promover o bem-estar da popula\u00e7\u00e3o. As aulas s\u00e3o totalmente <strong>GRATUITAS <\/strong>e alternam entre ritmos animados e treinos funcionais.<\/p>\n\n\n\n<p>Confira o cronograma completo, convide seus amigos e familiares e venha participar voc\u00ea tamb\u00e9m! Cuidar da sa\u00fade nunca foi t\u00e3o divertido!<\/p>\n\n\n\n<p>\u23f0\ufe0f <strong>Aulas sempre das 19h \u00e0s 20h<\/strong><\/p>\n\n\n\n<p>\u25aa\ufe0f<strong> POLVILHO (Campo do 12)<\/strong><br>\ud83d\udccd Rua Cravinhos n\u00b0 40<\/p>\n\n\n\n<p>\ud83d\udd39\ufe0f <strong>Segunda-feira: <\/strong>Ritmos (Lu Domingues)<br>\ud83d\udd39\ufe0f <strong>Ter\u00e7a-feira:<\/strong> Funcional (Marcio)<br>\ud83d\udd39\ufe0f <strong>Quarta-feira: <\/strong>Ritmos (Lu Domingues)<br>\ud83d\udd39\ufe0f <strong>Quinta-feira: <\/strong>Funcional (Matheus)<br>\ud83d\udd39\ufe0f <strong>Sexta-feira: <\/strong>Funcional (Marcio)<\/p>\n\n\n\n<p><\/p>\n\n\n\n<p>\u25aa\ufe0f <strong>JORDAN\u00c9SIA (Parque Cajamar Feliz)<\/strong><br>\ud83d\udccd Rua Ver. M\u00e1rio Marcolongo n\u00b0 467<\/p>\n\n\n\n<p>\ud83d\udd39\ufe0f <strong>Segunda-feira: <\/strong>Funcional (Marcio)<br>\ud83d\udd39\ufe0f <strong>Ter\u00e7a-feira: <\/strong>Ritmos (Bruna)<br>\ud83d\udd39\ufe0f <strong>Quarta-feira: <\/strong>Funcional (Marcio)<br>\ud83d\udd39\ufe0f<strong> Quinta-feira: <\/strong>Ritmos (Lu Domingues)<br>\ud83d\udd39\ufe0f <strong>Sexta-feira: <\/strong>Funcional (Matheus)<\/p>\n\n\n\n<p><\/p>\n\n\n\n<p>\u25aa\ufe0f<strong> PONUNDUVA (Centro Cultural)<\/strong><br>\ud83d\udccd Rua Utinga n\u00b0 122<\/p>\n\n\n\n<p>\ud83d\udd39\ufe0f <strong>Ter\u00e7a-feira:<\/strong> Ritmos (Lu Domingues)<br>\ud83d\udd39\ufe0f <strong>Quinta-feira: <\/strong>Funcional (Marcio)<\/p>\n\n\n\n<p><\/p>\n\n\n\n<p>\u25aa\ufe0f <strong>S\u00c3O BENEDITO (EMEB Guilhermina do Couto)<\/strong><br>\ud83d\udccd Rua Vila Nova n\u00b0 446<\/p>\n\n\n\n<p>\ud83d\udd39\ufe0f<strong> Ter\u00e7a-feira:<\/strong> Funcional (Leandro)<br>\ud83d\udd39\ufe0f<strong> Quarta-feira:<\/strong> Ritmos (Bruna)<\/p>\n\n\n\n<p><\/p>\n","protected":false},"excerpt":{"rendered":"<p>Ap\u00f3s o sucesso no Polvilho, a partir dessa semana as aulas de ritmos e funcionais ser\u00e3o realizadas tamb\u00e9m em Jordan\u00e9sia, Ponunduva e no bairro S\u00e3o Benedito (Km 43)<\/p>\n","protected":false},"author":11,"featured_media":0,"comment_status":"closed","ping_status":"closed","sticky":true,"template":"","format":"standard","meta":{"footnotes":""},"categories":[5,1,36],"tags":[1848,2474,1066],"posicao":[28],"class_list":["post-36786","post","type-post","status-publish","format-standard","hentry","category-esportes-e-lazer","category-noticias","category-esportes-lazer-e-cultura","tag-aula-de-ritmos","tag-aula-funcional","tag-movimenta-cajamar","posicao-destaque"],"_links":{"self":[{"href":"https:\/\/cajamar.sp.gov.br\/noticias\/wp-json\/wp\/v2\/posts\/36786","targetHints":{"allow":["GET"]}}],"collection":[{"href":"https:\/\/cajamar.sp.gov.br\/noticias\/wp-json\/wp\/v2\/posts"}],"about":[{"href":"https:\/\/cajamar.sp.gov.br\/noticias\/wp-json\/wp\/v2\/types\/post"}],"author":[{"embeddable":true,"href":"https:\/\/cajamar.sp.gov.br\/noticias\/wp-json\/wp\/v2\/users\/11"}],"replies":[{"embeddable":true,"href":"https:\/\/cajamar.sp.gov.br\/noticias\/wp-json\/wp\/v2\/comments?post=36786"}],"version-history":[{"count":2,"href":"https:\/\/cajamar.sp.gov.br\/noticias\/wp-json\/wp\/v2\/posts\/36786\/revisions"}],"predecessor-version":[{"id":36789,"href":"https:\/\/cajamar.sp.gov.br\/noticias\/wp-json\/wp\/v2\/posts\/36786\/revisions\/36789"}],"wp:attachment":[{"href":"https:\/\/cajamar.sp.gov.br\/noticias\/wp-json\/wp\/v2\/media?parent=36786"}],"wp:term":[{"taxonomy":"category","embeddable":true,"href":"https:\/\/cajamar.sp.gov.br\/noticias\/wp-json\/wp\/v2\/categories?post=36786"},{"taxonomy":"post_tag","embeddable":true,"href":"https:\/\/cajamar.sp.gov.br\/noticias\/wp-json\/wp\/v2\/tags?post=36786"},{"taxonomy":"posicao","embeddable":true,"href":"https:\/\/cajamar.sp.gov.br\/noticias\/wp-json\/wp\/v2\/posicao?post=36786"}],"curies":[{"name":"wp","href":"https:\/\/api.w.org\/{rel}","templated":true}]}}