{"id":36797,"date":"2025-01-29T10:03:40","date_gmt":"2025-01-29T13:03:40","guid":{"rendered":"https:\/\/cajamar.sp.gov.br\/noticias\/?p=36797"},"modified":"2025-02-03T14:39:41","modified_gmt":"2025-02-03T17:39:41","slug":"movimenta-cajamar-edicao-verao-chega-em-cajamar-centro","status":"publish","type":"post","link":"https:\/\/cajamar.sp.gov.br\/noticias\/2025\/01\/29\/movimenta-cajamar-edicao-verao-chega-em-cajamar-centro\/","title":{"rendered":"&#8220;Movimenta Cajamar &#8211; Edi\u00e7\u00e3o Ver\u00e3o&#8221; chega em Cajamar Centro"},"content":{"rendered":"\n<figure class=\"wp-block-gallery has-nested-images columns-default is-cropped wp-block-gallery-1 is-layout-flex wp-block-gallery-is-layout-flex\">\n<figure class=\"wp-block-image size-large\"><img fetchpriority=\"high\" decoding=\"async\" width=\"1200\" height=\"627\" data-id=\"36798\" src=\"https:\/\/cajamar.sp.gov.br\/noticias\/wp-content\/uploads\/sites\/2\/2025\/01\/site-1.png\" alt=\"\" class=\"wp-image-36798\" srcset=\"https:\/\/cajamar.sp.gov.br\/noticias\/wp-content\/uploads\/sites\/2\/2025\/01\/site-1.png 1200w, https:\/\/cajamar.sp.gov.br\/noticias\/wp-content\/uploads\/sites\/2\/2025\/01\/site-1-768x401.png 768w\" sizes=\"(max-width: 1200px) 100vw, 1200px\" \/><\/figure>\n<\/figure>\n\n\n\n<p>O projeto <strong>&#8220;Movimenta Cajamar &#8211; Edi\u00e7\u00e3o Ver\u00e3o&#8221; <\/strong>est\u00e1 conquistando cada vez mais participantes e expandindo sua atua\u00e7\u00e3o! A partir da pr\u00f3xima sexta-feira (31), os moradores de Cajamar Centro tamb\u00e9m poder\u00e3o participar das <strong>aulas gratuitas<\/strong> de ritmos e treinos funcionais no Gin\u00e1sio de Esportes, localizado na Avenida Prof. Walter Ribas de Andrade, n\u00ba 300.<\/p>\n\n\n\n<p>Ap\u00f3s o grande sucesso das atividades realizadas no Campo do 12, no Polvilho, a Secretaria de Esportes, Lazer e Cultura decidiu levar a iniciativa para outros bairros, como Jordan\u00e9sia, Ponunduva, S\u00e3o Benedito, e agora em Cajamar Centro.<\/p>\n\n\n\n<p>O objetivo do projeto \u00e9 incentivar a pr\u00e1tica de atividades f\u00edsicas, promover sa\u00fade e bem-estar e criar um ambiente animado e descontra\u00eddo para todos.<\/p>\n\n\n\n<p>Confira os hor\u00e1rios das aulas nos bairros atendidos e aproveite esta oportunidade para cuidar da sa\u00fade, transformando suas noites com atividades din\u00e2micas e cheias de energia.<\/p>\n\n\n\n<p>\u23f0\ufe0f <strong>Aulas sempre das 19h \u00e0s 20h<\/strong><\/p>\n\n\n\n<p>\u25aa\ufe0f <strong>POLVILHO (Campo do 12)<\/strong><br>\ud83d\udccd Rua Cravinhos n\u00b0 40<br>\ud83d\udd39\ufe0f Segunda-feira: Ritmos (Lu Domingues)<br>\ud83d\udd39\ufe0f Ter\u00e7a-feira: Funcional (Marcio)<br>\ud83d\udd39\ufe0f Quarta-feira: Ritmos (Lu Domingues)<br>\ud83d\udd39\ufe0f Quinta-feira: Funcional (Matheus)<br>\ud83d\udd39\ufe0f Sexta-feira: Funcional (Marcio)<\/p>\n\n\n\n<p>\u25aa\ufe0f <strong>JORDAN\u00c9SIA (Parque Cajamar Feliz)<\/strong><br>\ud83d\udccd Rua Ver. M\u00e1rio Marcolongo n\u00b0 467<br>\ud83d\udd39\ufe0f Segunda-feira: Funcional (Marcio)<br>\ud83d\udd39\ufe0f Ter\u00e7a-feira: Ritmos (Bruna)<br>\ud83d\udd39\ufe0f Quarta-feira: Funcional (Marcio)<br>\ud83d\udd39\ufe0f Quinta-feira: Ritmos (Lu Domingues)<br>\ud83d\udd39\ufe0f Sexta-feira: Funcional (Matheus)<\/p>\n\n\n\n<p>\u25aa\ufe0f <strong>PONUNDUVA (Centro Cultural)<\/strong><br>\ud83d\udccd Rua Utinga n\u00b0 122<br>\ud83d\udd39\ufe0f Ter\u00e7a-feira: Ritmos (Lu Domingues)<br>\ud83d\udd39\ufe0f Quinta-feira: Funcional (Marcio)<\/p>\n\n\n\n<p>\u25aa\ufe0f <strong>S\u00c3O BENEDITO (EMEB Guilhermina do Couto)<\/strong><br>\ud83d\udccd Rua Vila Nova n\u00b0 446<br>\ud83d\udd39\ufe0f Ter\u00e7a-feira: Funcional (Leandro)<br>\ud83d\udd39\ufe0f Quarta-feira: Ritmos (Bruna)<\/p>\n\n\n\n<p>\u25aa\ufe0f <strong>CAJAMAR CENTRO (Gin\u00e1sio de Esportes)<\/strong><br>\ud83d\udccd Av. Prof. Walter Ribas de Andrade n\u00b0 300<br>\ud83d\udd39\ufe0f Segunda-feira: Ritmos (Bruna)<br>\ud83d\udd39\ufe0f Ter\u00e7a-feira: Funcional (Matheus)<br>\ud83d\udd39\ufe0f Sexta-feira: Ritmos (Lu Domingues)<\/p>\n","protected":false},"excerpt":{"rendered":"<p>Agora, al\u00e9m Polvilho, a partir dessa semana as aulas de ritmos e funcionais ser\u00e3o realizadas em Jordan\u00e9sia, Ponunduva, S\u00e3o Benedito (Km 43) e em Cajamar Centro<\/p>\n","protected":false},"author":11,"featured_media":0,"comment_status":"closed","ping_status":"closed","sticky":true,"template":"","format":"standard","meta":{"footnotes":""},"categories":[5,1,36],"tags":[],"posicao":[28],"class_list":["post-36797","post","type-post","status-publish","format-standard","hentry","category-esportes-e-lazer","category-noticias","category-esportes-lazer-e-cultura","posicao-destaque"],"_links":{"self":[{"href":"https:\/\/cajamar.sp.gov.br\/noticias\/wp-json\/wp\/v2\/posts\/36797","targetHints":{"allow":["GET"]}}],"collection":[{"href":"https:\/\/cajamar.sp.gov.br\/noticias\/wp-json\/wp\/v2\/posts"}],"about":[{"href":"https:\/\/cajamar.sp.gov.br\/noticias\/wp-json\/wp\/v2\/types\/post"}],"author":[{"embeddable":true,"href":"https:\/\/cajamar.sp.gov.br\/noticias\/wp-json\/wp\/v2\/users\/11"}],"replies":[{"embeddable":true,"href":"https:\/\/cajamar.sp.gov.br\/noticias\/wp-json\/wp\/v2\/comments?post=36797"}],"version-history":[{"count":2,"href":"https:\/\/cajamar.sp.gov.br\/noticias\/wp-json\/wp\/v2\/posts\/36797\/revisions"}],"predecessor-version":[{"id":36801,"href":"https:\/\/cajamar.sp.gov.br\/noticias\/wp-json\/wp\/v2\/posts\/36797\/revisions\/36801"}],"wp:attachment":[{"href":"https:\/\/cajamar.sp.gov.br\/noticias\/wp-json\/wp\/v2\/media?parent=36797"}],"wp:term":[{"taxonomy":"category","embeddable":true,"href":"https:\/\/cajamar.sp.gov.br\/noticias\/wp-json\/wp\/v2\/categories?post=36797"},{"taxonomy":"post_tag","embeddable":true,"href":"https:\/\/cajamar.sp.gov.br\/noticias\/wp-json\/wp\/v2\/tags?post=36797"},{"taxonomy":"posicao","embeddable":true,"href":"https:\/\/cajamar.sp.gov.br\/noticias\/wp-json\/wp\/v2\/posicao?post=36797"}],"curies":[{"name":"wp","href":"https:\/\/api.w.org\/{rel}","templated":true}]}}