{"id":36953,"date":"2025-02-13T13:21:00","date_gmt":"2025-02-13T16:21:00","guid":{"rendered":"https:\/\/cajamar.sp.gov.br\/noticias\/?p=36953"},"modified":"2025-02-13T13:22:39","modified_gmt":"2025-02-13T16:22:39","slug":"cajamar-convoca-30-novos-guardas-municipais-para-reforcar-a-seguranca-do-municipio","status":"publish","type":"post","link":"https:\/\/cajamar.sp.gov.br\/noticias\/2025\/02\/13\/cajamar-convoca-30-novos-guardas-municipais-para-reforcar-a-seguranca-do-municipio\/","title":{"rendered":"Cajamar convoca 30 novos guardas municipais para refor\u00e7ar a seguran\u00e7a do munic\u00edpio"},"content":{"rendered":"\n<figure class=\"wp-block-image size-large\"><img fetchpriority=\"high\" decoding=\"async\" width=\"1280\" height=\"960\" src=\"https:\/\/cajamar.sp.gov.br\/noticias\/wp-content\/uploads\/sites\/2\/2025\/02\/1-1-1280x960.jpg\" alt=\"\" class=\"wp-image-36954\" srcset=\"https:\/\/cajamar.sp.gov.br\/noticias\/wp-content\/uploads\/sites\/2\/2025\/02\/1-1-1280x960.jpg 1280w, https:\/\/cajamar.sp.gov.br\/noticias\/wp-content\/uploads\/sites\/2\/2025\/02\/1-1-300x225.jpg 300w, https:\/\/cajamar.sp.gov.br\/noticias\/wp-content\/uploads\/sites\/2\/2025\/02\/1-1-768x576.jpg 768w, https:\/\/cajamar.sp.gov.br\/noticias\/wp-content\/uploads\/sites\/2\/2025\/02\/1-1-1536x1152.jpg 1536w, https:\/\/cajamar.sp.gov.br\/noticias\/wp-content\/uploads\/sites\/2\/2025\/02\/1-1.jpg 2048w\" sizes=\"(max-width: 1280px) 100vw, 1280px\" \/><\/figure>\n\n\n\n<p>Seguindo com as celebra\u00e7\u00f5es e entregas do m\u00eas de comemora\u00e7\u00e3o dos 66 anos de Cajamar, a Prefeitura, por meio da Secretaria Municipal de Seguran\u00e7a, realizou nesta quarta-feira a convoca\u00e7\u00e3o de 30 novos guardas municipais, que v\u00e3o refor\u00e7ar a seguran\u00e7a do munic\u00edpio.<\/p>\n\n\n\n<p>A cerim\u00f4nia de convoca\u00e7\u00e3o aconteceu no audit\u00f3rio do Complexo de Sa\u00fade e contou com a presen\u00e7a do prefeito Kau\u00e3n Berto, do vice-prefeito Prof. Dr. R\u00e9gis de Souza, do Secret\u00e1rio de Seguran\u00e7a, Defesa e Mobilidade, Leandro Arantes, da Secretaria de Gest\u00e3o e Desenvolvimento de Recursos Humanos, Fabiane Barbosa e da equipe da Guarda Civil Municipal. Durante o evento, os novos integrantes da Guarda Municipal foram oficialmente apresentados e receberam orienta\u00e7\u00f5es sobre o in\u00edcio do processo de forma\u00e7\u00e3o.<\/p>\n\n\n\n<p>Os novos guardas iniciar\u00e3o um curso de forma\u00e7\u00e3o completo, que os capacitar\u00e1 para atuar em diversas frentes de patrulhamento, conforme as necessidades do Comando da Guarda, garantindo maior seguran\u00e7a para a popula\u00e7\u00e3o e fortalecendo as a\u00e7\u00f5es de preven\u00e7\u00e3o e combate \u00e0 criminalidade.<\/p>\n\n\n\n<p>A Prefeitura de Cajamar segue investindo em seguran\u00e7a p\u00fablica, refor\u00e7ando o efetivo da Guarda Municipal e implementando a\u00e7\u00f5es que visam proporcionar mais tranquilidade e bem-estar para todos os mun\u00edcipes.<\/p>\n\n\n\n<div class=\"wp-block-group is-layout-grid wp-container-core-group-is-layout-9649a0d9 wp-block-group-is-layout-grid\">\n<figure class=\"wp-block-image size-large\"><img decoding=\"async\" width=\"1280\" height=\"960\" src=\"https:\/\/cajamar.sp.gov.br\/noticias\/wp-content\/uploads\/sites\/2\/2025\/02\/2-1-1280x960.jpg\" alt=\"\" class=\"wp-image-36956\" srcset=\"https:\/\/cajamar.sp.gov.br\/noticias\/wp-content\/uploads\/sites\/2\/2025\/02\/2-1-1280x960.jpg 1280w, https:\/\/cajamar.sp.gov.br\/noticias\/wp-content\/uploads\/sites\/2\/2025\/02\/2-1-300x225.jpg 300w, https:\/\/cajamar.sp.gov.br\/noticias\/wp-content\/uploads\/sites\/2\/2025\/02\/2-1-768x576.jpg 768w, https:\/\/cajamar.sp.gov.br\/noticias\/wp-content\/uploads\/sites\/2\/2025\/02\/2-1-1536x1152.jpg 1536w, https:\/\/cajamar.sp.gov.br\/noticias\/wp-content\/uploads\/sites\/2\/2025\/02\/2-1.jpg 2048w\" sizes=\"(max-width: 1280px) 100vw, 1280px\" \/><\/figure>\n\n\n\n<figure class=\"wp-block-gallery has-nested-images columns-default is-cropped wp-block-gallery-1 is-layout-flex wp-block-gallery-is-layout-flex\">\n<figure class=\"wp-block-image size-large\"><img decoding=\"async\" width=\"1280\" height=\"960\" data-id=\"36957\" src=\"https:\/\/cajamar.sp.gov.br\/noticias\/wp-content\/uploads\/sites\/2\/2025\/02\/3-1-1280x960.jpg\" alt=\"\" class=\"wp-image-36957\" srcset=\"https:\/\/cajamar.sp.gov.br\/noticias\/wp-content\/uploads\/sites\/2\/2025\/02\/3-1-1280x960.jpg 1280w, https:\/\/cajamar.sp.gov.br\/noticias\/wp-content\/uploads\/sites\/2\/2025\/02\/3-1-300x225.jpg 300w, https:\/\/cajamar.sp.gov.br\/noticias\/wp-content\/uploads\/sites\/2\/2025\/02\/3-1-768x576.jpg 768w, https:\/\/cajamar.sp.gov.br\/noticias\/wp-content\/uploads\/sites\/2\/2025\/02\/3-1-1536x1152.jpg 1536w, https:\/\/cajamar.sp.gov.br\/noticias\/wp-content\/uploads\/sites\/2\/2025\/02\/3-1.jpg 2048w\" sizes=\"(max-width: 1280px) 100vw, 1280px\" \/><\/figure>\n<\/figure>\n\n\n\n<figure class=\"wp-block-image size-large\"><img loading=\"lazy\" decoding=\"async\" width=\"1280\" height=\"960\" src=\"https:\/\/cajamar.sp.gov.br\/noticias\/wp-content\/uploads\/sites\/2\/2025\/02\/4-1-1280x960.jpg\" alt=\"\" class=\"wp-image-36958\" srcset=\"https:\/\/cajamar.sp.gov.br\/noticias\/wp-content\/uploads\/sites\/2\/2025\/02\/4-1-1280x960.jpg 1280w, https:\/\/cajamar.sp.gov.br\/noticias\/wp-content\/uploads\/sites\/2\/2025\/02\/4-1-300x225.jpg 300w, https:\/\/cajamar.sp.gov.br\/noticias\/wp-content\/uploads\/sites\/2\/2025\/02\/4-1-768x576.jpg 768w, https:\/\/cajamar.sp.gov.br\/noticias\/wp-content\/uploads\/sites\/2\/2025\/02\/4-1-1536x1152.jpg 1536w, https:\/\/cajamar.sp.gov.br\/noticias\/wp-content\/uploads\/sites\/2\/2025\/02\/4-1.jpg 2048w\" sizes=\"(max-width: 1280px) 100vw, 1280px\" \/><\/figure>\n\n\n\n<figure class=\"wp-block-image size-large\"><img loading=\"lazy\" decoding=\"async\" width=\"1280\" height=\"960\" src=\"https:\/\/cajamar.sp.gov.br\/noticias\/wp-content\/uploads\/sites\/2\/2025\/02\/5-1-1280x960.jpg\" alt=\"\" class=\"wp-image-36959\" srcset=\"https:\/\/cajamar.sp.gov.br\/noticias\/wp-content\/uploads\/sites\/2\/2025\/02\/5-1-1280x960.jpg 1280w, https:\/\/cajamar.sp.gov.br\/noticias\/wp-content\/uploads\/sites\/2\/2025\/02\/5-1-300x225.jpg 300w, https:\/\/cajamar.sp.gov.br\/noticias\/wp-content\/uploads\/sites\/2\/2025\/02\/5-1-768x576.jpg 768w, https:\/\/cajamar.sp.gov.br\/noticias\/wp-content\/uploads\/sites\/2\/2025\/02\/5-1-1536x1152.jpg 1536w, https:\/\/cajamar.sp.gov.br\/noticias\/wp-content\/uploads\/sites\/2\/2025\/02\/5-1.jpg 2048w\" sizes=\"(max-width: 1280px) 100vw, 1280px\" \/><\/figure>\n\n\n\n<figure class=\"wp-block-image size-large\"><img loading=\"lazy\" decoding=\"async\" width=\"1280\" height=\"960\" src=\"https:\/\/cajamar.sp.gov.br\/noticias\/wp-content\/uploads\/sites\/2\/2025\/02\/6-1-1280x960.jpg\" alt=\"\" class=\"wp-image-36960\" srcset=\"https:\/\/cajamar.sp.gov.br\/noticias\/wp-content\/uploads\/sites\/2\/2025\/02\/6-1-1280x960.jpg 1280w, https:\/\/cajamar.sp.gov.br\/noticias\/wp-content\/uploads\/sites\/2\/2025\/02\/6-1-300x225.jpg 300w, https:\/\/cajamar.sp.gov.br\/noticias\/wp-content\/uploads\/sites\/2\/2025\/02\/6-1-768x576.jpg 768w, https:\/\/cajamar.sp.gov.br\/noticias\/wp-content\/uploads\/sites\/2\/2025\/02\/6-1-1536x1152.jpg 1536w, https:\/\/cajamar.sp.gov.br\/noticias\/wp-content\/uploads\/sites\/2\/2025\/02\/6-1.jpg 2048w\" sizes=\"(max-width: 1280px) 100vw, 1280px\" \/><\/figure>\n\n\n\n<figure class=\"wp-block-image size-large\"><img loading=\"lazy\" decoding=\"async\" width=\"1280\" height=\"960\" src=\"https:\/\/cajamar.sp.gov.br\/noticias\/wp-content\/uploads\/sites\/2\/2025\/02\/8-1280x960.jpg\" alt=\"\" class=\"wp-image-36962\" srcset=\"https:\/\/cajamar.sp.gov.br\/noticias\/wp-content\/uploads\/sites\/2\/2025\/02\/8-1280x960.jpg 1280w, https:\/\/cajamar.sp.gov.br\/noticias\/wp-content\/uploads\/sites\/2\/2025\/02\/8-300x225.jpg 300w, https:\/\/cajamar.sp.gov.br\/noticias\/wp-content\/uploads\/sites\/2\/2025\/02\/8-768x576.jpg 768w, https:\/\/cajamar.sp.gov.br\/noticias\/wp-content\/uploads\/sites\/2\/2025\/02\/8-1536x1152.jpg 1536w, https:\/\/cajamar.sp.gov.br\/noticias\/wp-content\/uploads\/sites\/2\/2025\/02\/8.jpg 2048w\" sizes=\"(max-width: 1280px) 100vw, 1280px\" \/><\/figure>\n<\/div>\n","protected":false},"excerpt":{"rendered":"<p>Convocados passar\u00e3o por curso de forma\u00e7\u00e3o antes de integrar o efetivo da Guarda Municipal, fortalecendo as a\u00e7\u00f5es de patrulhamento e seguran\u00e7a p\u00fablica<\/p>\n","protected":false},"author":11,"featured_media":36954,"comment_status":"closed","ping_status":"closed","sticky":true,"template":"","format":"standard","meta":{"footnotes":""},"categories":[63,1,40],"tags":[],"posicao":[28],"class_list":["post-36953","post","type-post","status-publish","format-standard","has-post-thumbnail","hentry","category-muito-mais-seguranca","category-noticias","category-seguranca-defesa-e-mobilidade","posicao-destaque"],"_links":{"self":[{"href":"https:\/\/cajamar.sp.gov.br\/noticias\/wp-json\/wp\/v2\/posts\/36953","targetHints":{"allow":["GET"]}}],"collection":[{"href":"https:\/\/cajamar.sp.gov.br\/noticias\/wp-json\/wp\/v2\/posts"}],"about":[{"href":"https:\/\/cajamar.sp.gov.br\/noticias\/wp-json\/wp\/v2\/types\/post"}],"author":[{"embeddable":true,"href":"https:\/\/cajamar.sp.gov.br\/noticias\/wp-json\/wp\/v2\/users\/11"}],"replies":[{"embeddable":true,"href":"https:\/\/cajamar.sp.gov.br\/noticias\/wp-json\/wp\/v2\/comments?post=36953"}],"version-history":[{"count":3,"href":"https:\/\/cajamar.sp.gov.br\/noticias\/wp-json\/wp\/v2\/posts\/36953\/revisions"}],"predecessor-version":[{"id":36964,"href":"https:\/\/cajamar.sp.gov.br\/noticias\/wp-json\/wp\/v2\/posts\/36953\/revisions\/36964"}],"wp:featuredmedia":[{"embeddable":true,"href":"https:\/\/cajamar.sp.gov.br\/noticias\/wp-json\/wp\/v2\/media\/36954"}],"wp:attachment":[{"href":"https:\/\/cajamar.sp.gov.br\/noticias\/wp-json\/wp\/v2\/media?parent=36953"}],"wp:term":[{"taxonomy":"category","embeddable":true,"href":"https:\/\/cajamar.sp.gov.br\/noticias\/wp-json\/wp\/v2\/categories?post=36953"},{"taxonomy":"post_tag","embeddable":true,"href":"https:\/\/cajamar.sp.gov.br\/noticias\/wp-json\/wp\/v2\/tags?post=36953"},{"taxonomy":"posicao","embeddable":true,"href":"https:\/\/cajamar.sp.gov.br\/noticias\/wp-json\/wp\/v2\/posicao?post=36953"}],"curies":[{"name":"wp","href":"https:\/\/api.w.org\/{rel}","templated":true}]}}