{"id":37242,"date":"2025-03-07T16:11:26","date_gmt":"2025-03-07T19:11:26","guid":{"rendered":"https:\/\/cajamar.sp.gov.br\/noticias\/?p=37242"},"modified":"2025-03-07T16:11:26","modified_gmt":"2025-03-07T19:11:26","slug":"nova-data-aulao-de-danca-adiado-para-o-dia-16-de-marco","status":"publish","type":"post","link":"https:\/\/cajamar.sp.gov.br\/noticias\/2025\/03\/07\/nova-data-aulao-de-danca-adiado-para-o-dia-16-de-marco\/","title":{"rendered":"Nova data: Aul\u00e3o de dan\u00e7a adiado para o dia 16 de mar\u00e7o"},"content":{"rendered":"\n<figure class=\"wp-block-image size-full\"><img fetchpriority=\"high\" decoding=\"async\" width=\"1200\" height=\"627\" src=\"https:\/\/cajamar.sp.gov.br\/noticias\/wp-content\/uploads\/sites\/2\/2025\/03\/sie.png\" alt=\"\" class=\"wp-image-37243\" srcset=\"https:\/\/cajamar.sp.gov.br\/noticias\/wp-content\/uploads\/sites\/2\/2025\/03\/sie.png 1200w, https:\/\/cajamar.sp.gov.br\/noticias\/wp-content\/uploads\/sites\/2\/2025\/03\/sie-768x401.png 768w\" sizes=\"(max-width: 1200px) 100vw, 1200px\" \/><\/figure>\n\n\n\n<p>O Fundo Social de Solidariedade informa que o <strong>aul\u00e3o de dan\u00e7a especial<\/strong> em comemora\u00e7\u00e3o ao M\u00eas da Mulher e a <strong>1\u00aa CAJAMAR RUN MULHER 2025<\/strong> foram adiados para o <strong>pr\u00f3ximo domingo, dia 16 de mar\u00e7o<\/strong>.<\/p>\n\n\n\n<p>\ud83d\udccd O evento continuar\u00e1 acontecendo no <strong>Est\u00e1dio de Futebol Ant\u00f4nio Fachina \u2013 Campo do 12<\/strong>, e a programa\u00e7\u00e3o segue a mesma, com muita m\u00fasica, movimento e sorteio de brindes especiais!<\/p>\n\n\n\n<p>Contamos com a sua presen\u00e7a para celebrar essa data com energia e anima\u00e7\u00e3o!<\/p>\n\n\n\n<p>\ud83d\udcc5 <strong>Nova data:<\/strong> 16 de mar\u00e7o<br>\u23f0 <strong>Hor\u00e1rio:<\/strong> A partir das 8h<br>\ud83d\udccd <strong>Local:<\/strong> Est\u00e1dio de Futebol Ant\u00f4nio Fachina \u2013 Campo do 12<\/p>\n\n\n\n<p>Chame as amigas e venha participar!<\/p>\n\n\n\n<p><\/p>\n","protected":false},"excerpt":{"rendered":"<p>A programa\u00e7\u00e3o especial em comemora\u00e7\u00e3o ao M\u00eas da Mulher acontecer\u00e1 no Est\u00e1dio de Futebol Ant\u00f4nio Fachina \u2013 Campo do 12<\/p>\n","protected":false},"author":11,"featured_media":0,"comment_status":"closed","ping_status":"0","sticky":false,"template":"","format":"standard","meta":{"footnotes":""},"categories":[16,41],"tags":[],"posicao":[28],"class_list":["post-37242","post","type-post","status-publish","format-standard","hentry","category-fundo-social-cajamar","category-smg","posicao-destaque"],"_links":{"self":[{"href":"https:\/\/cajamar.sp.gov.br\/noticias\/wp-json\/wp\/v2\/posts\/37242","targetHints":{"allow":["GET"]}}],"collection":[{"href":"https:\/\/cajamar.sp.gov.br\/noticias\/wp-json\/wp\/v2\/posts"}],"about":[{"href":"https:\/\/cajamar.sp.gov.br\/noticias\/wp-json\/wp\/v2\/types\/post"}],"author":[{"embeddable":true,"href":"https:\/\/cajamar.sp.gov.br\/noticias\/wp-json\/wp\/v2\/users\/11"}],"replies":[{"embeddable":true,"href":"https:\/\/cajamar.sp.gov.br\/noticias\/wp-json\/wp\/v2\/comments?post=37242"}],"version-history":[{"count":1,"href":"https:\/\/cajamar.sp.gov.br\/noticias\/wp-json\/wp\/v2\/posts\/37242\/revisions"}],"predecessor-version":[{"id":37244,"href":"https:\/\/cajamar.sp.gov.br\/noticias\/wp-json\/wp\/v2\/posts\/37242\/revisions\/37244"}],"wp:attachment":[{"href":"https:\/\/cajamar.sp.gov.br\/noticias\/wp-json\/wp\/v2\/media?parent=37242"}],"wp:term":[{"taxonomy":"category","embeddable":true,"href":"https:\/\/cajamar.sp.gov.br\/noticias\/wp-json\/wp\/v2\/categories?post=37242"},{"taxonomy":"post_tag","embeddable":true,"href":"https:\/\/cajamar.sp.gov.br\/noticias\/wp-json\/wp\/v2\/tags?post=37242"},{"taxonomy":"posicao","embeddable":true,"href":"https:\/\/cajamar.sp.gov.br\/noticias\/wp-json\/wp\/v2\/posicao?post=37242"}],"curies":[{"name":"wp","href":"https:\/\/api.w.org\/{rel}","templated":true}]}}