{"id":37734,"date":"2025-04-14T18:24:59","date_gmt":"2025-04-14T21:24:59","guid":{"rendered":"https:\/\/cajamar.sp.gov.br\/noticias\/?p=37734"},"modified":"2025-04-14T18:25:33","modified_gmt":"2025-04-14T21:25:33","slug":"operacao-cidade-segura-reforca-combate-ao-crime-em-cajamar-e-resulta-em-apreensoes-significativas","status":"publish","type":"post","link":"https:\/\/cajamar.sp.gov.br\/noticias\/2025\/04\/14\/operacao-cidade-segura-reforca-combate-ao-crime-em-cajamar-e-resulta-em-apreensoes-significativas\/","title":{"rendered":"Opera\u00e7\u00e3o \u201cCidade Segura\u201d refor\u00e7a combate ao crime em Cajamar e resulta em apreens\u00f5es significativas"},"content":{"rendered":"\n<figure class=\"wp-block-image size-large\"><img fetchpriority=\"high\" decoding=\"async\" width=\"720\" height=\"960\" src=\"https:\/\/cajamar.sp.gov.br\/noticias\/wp-content\/uploads\/sites\/2\/2025\/04\/9e9b6238-fda6-4f92-9ac4-612e11492558-1-720x960.jpg\" alt=\"\" class=\"wp-image-37735\" srcset=\"https:\/\/cajamar.sp.gov.br\/noticias\/wp-content\/uploads\/sites\/2\/2025\/04\/9e9b6238-fda6-4f92-9ac4-612e11492558-1-720x960.jpg 720w, https:\/\/cajamar.sp.gov.br\/noticias\/wp-content\/uploads\/sites\/2\/2025\/04\/9e9b6238-fda6-4f92-9ac4-612e11492558-1-768x1024.jpg 768w, https:\/\/cajamar.sp.gov.br\/noticias\/wp-content\/uploads\/sites\/2\/2025\/04\/9e9b6238-fda6-4f92-9ac4-612e11492558-1.jpg 960w\" sizes=\"(max-width: 720px) 100vw, 720px\" \/><\/figure>\n\n\n\n<p>A Prefeitura de Cajamar, por meio da Secretaria Municipal de Seguran\u00e7a, Defesa e Mobilidade, intensificou as a\u00e7\u00f5es de enfrentamento \u00e0 criminalidade com o lan\u00e7amento da Opera\u00e7\u00e3o Cidade Segura, deflagrada no \u00faltimo s\u00e1bado (12) pela Pol\u00edcia Municipal. A opera\u00e7\u00e3o teve como objetivo refor\u00e7ar o patrulhamento ostensivo e coibir pr\u00e1ticas criminosas como o tr\u00e1fico de entorpecentes, roubos e furtos de ve\u00edculos.<\/p>\n\n\n\n<p>A a\u00e7\u00e3o mobilizou diversas equipes da corpora\u00e7\u00e3o e promoveu uma ampla varredura em v\u00e1rios bairros do munic\u00edpio. De acordo com o Subinspetor Paulino, que coordenou parte das a\u00e7\u00f5es, o trabalho conjunto das viaturas e patrulhas motorizadas garantiu presen\u00e7a ativa da Pol\u00edcia Municipal em pontos estrat\u00e9gicos. \u201cRealizamos uma satura\u00e7\u00e3o completa nos bairros, atuando com firmeza contra atividades il\u00edcitas\u201d, afirmou.<\/p>\n\n\n\n<p><strong>RESULTADOS DA OPERA\u00c7\u00c3O:<\/strong><\/p>\n\n\n\n<ul class=\"wp-block-list\">\n<li>Grande apreens\u00e3o de entorpecentes na Rua Tibiri\u00e7\u00e1<br>Durante o patrulhamento, as equipes da R\u00e1dio Patrulha 020 e das motocicletas RPM 023 e 027 identificaram um grupo em atitude suspeita. Com a aproxima\u00e7\u00e3o das viaturas, os indiv\u00edduos fugiram, e um deles descartou uma bolsa preta ao pular um muro. Na bolsa, foram encontradas:<br>\u2022 272 por\u00e7\u00f5es de maconha<br>\u2022 212 por\u00e7\u00f5es de coca\u00edna<br>\u2022 466 pedras de crack<br>\u2022 85 unidades de \u201cice\u201d<br>\u2022 6 comprimidos de ecstasy<br>Todo o material foi encaminhado \u00e0 Delegacia de Jordan\u00e9sia para registro da ocorr\u00eancia.<\/li>\n\n\n\n<li>Pris\u00e3o em flagrante na Rua Ant\u00f4nio Paiva Camelo<br>Sob o comando do Subinspetor Caetano, outro ponto da opera\u00e7\u00e3o resultou na deten\u00e7\u00e3o de um indiv\u00edduo portando entorpecentes. Ele foi preso em flagrante e conduzido \u00e0 delegacia, permanecendo \u00e0 disposi\u00e7\u00e3o da Justi\u00e7a.<\/li>\n\n\n\n<li>Captura de foragido da Justi\u00e7a<br>Durante as abordagens, um indiv\u00edduo com mandado de pris\u00e3o em aberto foi localizado, detido e encaminhado ao sistema prisional, onde ficar\u00e1 \u00e0 disposi\u00e7\u00e3o do Poder Judici\u00e1rio.<\/li>\n<\/ul>\n\n\n\n<p>A Opera\u00e7\u00e3o Cidade Segura segue como parte das estrat\u00e9gias de seguran\u00e7a implementadas pela gest\u00e3o municipal para garantir mais tranquilidade \u00e0 popula\u00e7\u00e3o. Outras a\u00e7\u00f5es preventivas e ostensivas j\u00e1 est\u00e3o previstas para os pr\u00f3ximos dias, refor\u00e7ando o compromisso de Cajamar com a seguran\u00e7a p\u00fablica.<\/p>\n","protected":false},"excerpt":{"rendered":"<p>A\u00e7\u00e3o integrada da Pol\u00edcia Municipal intensifica patrulhamentos e resulta em apreens\u00f5es de drogas, pris\u00e3o em flagrante e captura de foragido da Justi\u00e7a<\/p>\n","protected":false},"author":11,"featured_media":0,"comment_status":"closed","ping_status":"closed","sticky":true,"template":"","format":"standard","meta":{"footnotes":""},"categories":[1,40],"tags":[],"posicao":[28],"class_list":["post-37734","post","type-post","status-publish","format-standard","hentry","category-noticias","category-seguranca-defesa-e-mobilidade","posicao-destaque"],"_links":{"self":[{"href":"https:\/\/cajamar.sp.gov.br\/noticias\/wp-json\/wp\/v2\/posts\/37734","targetHints":{"allow":["GET"]}}],"collection":[{"href":"https:\/\/cajamar.sp.gov.br\/noticias\/wp-json\/wp\/v2\/posts"}],"about":[{"href":"https:\/\/cajamar.sp.gov.br\/noticias\/wp-json\/wp\/v2\/types\/post"}],"author":[{"embeddable":true,"href":"https:\/\/cajamar.sp.gov.br\/noticias\/wp-json\/wp\/v2\/users\/11"}],"replies":[{"embeddable":true,"href":"https:\/\/cajamar.sp.gov.br\/noticias\/wp-json\/wp\/v2\/comments?post=37734"}],"version-history":[{"count":1,"href":"https:\/\/cajamar.sp.gov.br\/noticias\/wp-json\/wp\/v2\/posts\/37734\/revisions"}],"predecessor-version":[{"id":37736,"href":"https:\/\/cajamar.sp.gov.br\/noticias\/wp-json\/wp\/v2\/posts\/37734\/revisions\/37736"}],"wp:attachment":[{"href":"https:\/\/cajamar.sp.gov.br\/noticias\/wp-json\/wp\/v2\/media?parent=37734"}],"wp:term":[{"taxonomy":"category","embeddable":true,"href":"https:\/\/cajamar.sp.gov.br\/noticias\/wp-json\/wp\/v2\/categories?post=37734"},{"taxonomy":"post_tag","embeddable":true,"href":"https:\/\/cajamar.sp.gov.br\/noticias\/wp-json\/wp\/v2\/tags?post=37734"},{"taxonomy":"posicao","embeddable":true,"href":"https:\/\/cajamar.sp.gov.br\/noticias\/wp-json\/wp\/v2\/posicao?post=37734"}],"curies":[{"name":"wp","href":"https:\/\/api.w.org\/{rel}","templated":true}]}}