{"id":37763,"date":"2025-04-16T15:32:45","date_gmt":"2025-04-16T18:32:45","guid":{"rendered":"https:\/\/cajamar.sp.gov.br\/noticias\/?p=37763"},"modified":"2025-04-17T16:20:28","modified_gmt":"2025-04-17T19:20:28","slug":"defesa-civil-de-cajamar-participa-de-capacitacao-estadual-para-prevencao-de-incendios-florestais","status":"publish","type":"post","link":"https:\/\/cajamar.sp.gov.br\/noticias\/2025\/04\/16\/defesa-civil-de-cajamar-participa-de-capacitacao-estadual-para-prevencao-de-incendios-florestais\/","title":{"rendered":"Defesa Civil de Cajamar participa de capacita\u00e7\u00e3o estadual para preven\u00e7\u00e3o de inc\u00eandios florestais"},"content":{"rendered":"<div class=\"wp-block-image\">\n<figure class=\"aligncenter size-full is-resized\"><img fetchpriority=\"high\" decoding=\"async\" width=\"700\" height=\"396\" src=\"https:\/\/cajamar.sp.gov.br\/noticias\/wp-content\/uploads\/sites\/2\/2025\/04\/capacitacao-da-defesa-civil-2-700x396-1.jpg\" alt=\"\" class=\"wp-image-37764\" style=\"width:700px;height:auto\" \/><\/figure>\n<\/div>\n\n\n<p>A Prefeitura de Cajamar, por meio da Secretaria Municipal de Seguran\u00e7a, Defesa e Mobilidade, segue empenhada na preven\u00e7\u00e3o de desastres ambientais e no fortalecimento da atua\u00e7\u00e3o em campo. Na \u00faltima semana, representantes da Defesa Civil do munic\u00edpio participaram de uma capacita\u00e7\u00e3o promovida pelo Governo do Estado de S\u00e3o Paulo, como parte das a\u00e7\u00f5es da fase amarela da opera\u00e7\u00e3o \u201cS\u00e3o Paulo Sem Fogo\u201d.<\/p>\n\n\n\n<p>O primeiro dia do encontro aconteceu no Pal\u00e1cio dos Bandeirantes, na capital paulista, e reuniu equipes de diversos munic\u00edpios da Regi\u00e3o Metropolitana. A programa\u00e7\u00e3o incluiu aulas te\u00f3ricas, exposi\u00e7\u00f5es t\u00e9cnicas e apresenta\u00e7\u00f5es de ferramentas voltadas ao monitoramento clim\u00e1tico e \u00e0 gest\u00e3o de crises. O objetivo da iniciativa \u00e9 preparar os munic\u00edpios para atuar com efici\u00eancia durante o per\u00edodo de estiagem, quando aumentam os riscos de inc\u00eandios florestais.<\/p>\n\n\n\n<p>No segundo dia da capacita\u00e7\u00e3o, os participantes realizaram um exerc\u00edcio simulado de combate a inc\u00eandios em vegeta\u00e7\u00e3o, que ocorreu no Parque Estadual do Juquery, em Franco da Rocha. A atividade pr\u00e1tica permitiu aos agentes colocar em a\u00e7\u00e3o os conhecimentos adquiridos, em um ambiente controlado e com foco em situa\u00e7\u00f5es reais de emerg\u00eancia.<\/p>\n\n\n\n<p>Cajamar foi representada por uma equipe com oito profissionais da Defesa Civil, que participaram ativamente das atividades propostas. A fase amarela da opera\u00e7\u00e3o representa o est\u00e1gio de prepara\u00e7\u00e3o e mobiliza\u00e7\u00e3o, anterior ao per\u00edodo mais cr\u00edtico do tempo seco. Durante essa etapa, os munic\u00edpios s\u00e3o orientados quanto \u00e0 conscientiza\u00e7\u00e3o, capacita\u00e7\u00e3o t\u00e9cnica e estrat\u00e9gias de resposta r\u00e1pida, com foco na preserva\u00e7\u00e3o do meio ambiente e da vida.<\/p>\n\n\n\n<p>Segundo Sidinei Barbosa, gestor da Defesa Civil de Cajamar, o momento \u00e9 essencial para refor\u00e7ar o preparo dos agentes. \u201cTemos percebido um aumento nas ocorr\u00eancias de inc\u00eandios em vegeta\u00e7\u00e3o. Participar dessa capacita\u00e7\u00e3o nos permite aprimorar nossas pr\u00e1ticas e garantir uma atua\u00e7\u00e3o mais precisa no combate ao fogo\u201d, destacou.<\/p>\n\n\n\n<p>J\u00e1 o secret\u00e1rio municipal de Seguran\u00e7a, Defesa e Mobilidade, Leandro Arantes, refor\u00e7ou a import\u00e2ncia da iniciativa. \u201cInvestir em capacita\u00e7\u00e3o \u00e9 uma prioridade para nossa gest\u00e3o. Estar presente na opera\u00e7\u00e3o \u2018S\u00e3o Paulo Sem Fogo\u2019 demonstra nosso compromisso com a prote\u00e7\u00e3o ambiental e com a seguran\u00e7a da popula\u00e7\u00e3o. Estamos fortalecendo nossa equipe e nos preparando para enfrentar os desafios do tempo seco com responsabilidade e efici\u00eancia\u201d, concluiu.<\/p>\n\n\n\n<div class=\"wp-block-group is-layout-grid wp-container-core-group-is-layout-9649a0d9 wp-block-group-is-layout-grid\">\n<figure class=\"wp-block-image size-full\"><img decoding=\"async\" width=\"1280\" height=\"853\" src=\"https:\/\/cajamar.sp.gov.br\/noticias\/wp-content\/uploads\/sites\/2\/2025\/04\/3-7-1280x853-2.jpg\" alt=\"\" class=\"wp-image-37768\" srcset=\"https:\/\/cajamar.sp.gov.br\/noticias\/wp-content\/uploads\/sites\/2\/2025\/04\/3-7-1280x853-2.jpg 1280w, https:\/\/cajamar.sp.gov.br\/noticias\/wp-content\/uploads\/sites\/2\/2025\/04\/3-7-1280x853-2-768x512.jpg 768w\" sizes=\"(max-width: 1280px) 100vw, 1280px\" \/><\/figure>\n\n\n\n<figure class=\"wp-block-image size-full\"><img decoding=\"async\" width=\"1024\" height=\"683\" src=\"https:\/\/cajamar.sp.gov.br\/noticias\/wp-content\/uploads\/sites\/2\/2025\/04\/treinamento-bombeiros-1024x683-1.jpeg\" alt=\"\" class=\"wp-image-37769\" srcset=\"https:\/\/cajamar.sp.gov.br\/noticias\/wp-content\/uploads\/sites\/2\/2025\/04\/treinamento-bombeiros-1024x683-1.jpeg 1024w, https:\/\/cajamar.sp.gov.br\/noticias\/wp-content\/uploads\/sites\/2\/2025\/04\/treinamento-bombeiros-1024x683-1-768x512.jpeg 768w\" sizes=\"(max-width: 1024px) 100vw, 1024px\" \/><\/figure>\n\n\n\n<figure class=\"wp-block-image size-large\"><img loading=\"lazy\" decoding=\"async\" width=\"1280\" height=\"960\" src=\"https:\/\/cajamar.sp.gov.br\/noticias\/wp-content\/uploads\/sites\/2\/2025\/04\/2-1280x960.jpeg\" alt=\"\" class=\"wp-image-37770\" srcset=\"https:\/\/cajamar.sp.gov.br\/noticias\/wp-content\/uploads\/sites\/2\/2025\/04\/2-1280x960.jpeg 1280w, https:\/\/cajamar.sp.gov.br\/noticias\/wp-content\/uploads\/sites\/2\/2025\/04\/2-300x225.jpeg 300w, https:\/\/cajamar.sp.gov.br\/noticias\/wp-content\/uploads\/sites\/2\/2025\/04\/2-768x576.jpeg 768w, https:\/\/cajamar.sp.gov.br\/noticias\/wp-content\/uploads\/sites\/2\/2025\/04\/2-1536x1152.jpeg 1536w, https:\/\/cajamar.sp.gov.br\/noticias\/wp-content\/uploads\/sites\/2\/2025\/04\/2.jpeg 2048w\" sizes=\"(max-width: 1280px) 100vw, 1280px\" \/><\/figure>\n<\/div>\n\n\n\n<div class=\"wp-block-group\"><div class=\"wp-block-group__inner-container is-layout-constrained wp-block-group-is-layout-constrained\"><\/div><\/div>\n\n\n\n<p><\/p>\n","protected":false},"excerpt":{"rendered":"<p>A a\u00e7\u00e3o faz parte da fase amarela da opera\u00e7\u00e3o, que antecede o per\u00edodo cr\u00edtico da estiagem. O objetivo \u00e9 preparar os munic\u00edpios para prevenir e combater inc\u00eandios em \u00e1reas de vegeta\u00e7\u00e3o, garantindo mais seguran\u00e7a e prote\u00e7\u00e3o ao meio ambiente<\/p>\n","protected":false},"author":11,"featured_media":37764,"comment_status":"closed","ping_status":"closed","sticky":true,"template":"","format":"standard","meta":{"footnotes":""},"categories":[20,1,40],"tags":[],"posicao":[28],"class_list":["post-37763","post","type-post","status-publish","format-standard","has-post-thumbnail","hentry","category-defesa-civil","category-noticias","category-seguranca-defesa-e-mobilidade","posicao-destaque"],"_links":{"self":[{"href":"https:\/\/cajamar.sp.gov.br\/noticias\/wp-json\/wp\/v2\/posts\/37763","targetHints":{"allow":["GET"]}}],"collection":[{"href":"https:\/\/cajamar.sp.gov.br\/noticias\/wp-json\/wp\/v2\/posts"}],"about":[{"href":"https:\/\/cajamar.sp.gov.br\/noticias\/wp-json\/wp\/v2\/types\/post"}],"author":[{"embeddable":true,"href":"https:\/\/cajamar.sp.gov.br\/noticias\/wp-json\/wp\/v2\/users\/11"}],"replies":[{"embeddable":true,"href":"https:\/\/cajamar.sp.gov.br\/noticias\/wp-json\/wp\/v2\/comments?post=37763"}],"version-history":[{"count":2,"href":"https:\/\/cajamar.sp.gov.br\/noticias\/wp-json\/wp\/v2\/posts\/37763\/revisions"}],"predecessor-version":[{"id":37771,"href":"https:\/\/cajamar.sp.gov.br\/noticias\/wp-json\/wp\/v2\/posts\/37763\/revisions\/37771"}],"wp:featuredmedia":[{"embeddable":true,"href":"https:\/\/cajamar.sp.gov.br\/noticias\/wp-json\/wp\/v2\/media\/37764"}],"wp:attachment":[{"href":"https:\/\/cajamar.sp.gov.br\/noticias\/wp-json\/wp\/v2\/media?parent=37763"}],"wp:term":[{"taxonomy":"category","embeddable":true,"href":"https:\/\/cajamar.sp.gov.br\/noticias\/wp-json\/wp\/v2\/categories?post=37763"},{"taxonomy":"post_tag","embeddable":true,"href":"https:\/\/cajamar.sp.gov.br\/noticias\/wp-json\/wp\/v2\/tags?post=37763"},{"taxonomy":"posicao","embeddable":true,"href":"https:\/\/cajamar.sp.gov.br\/noticias\/wp-json\/wp\/v2\/posicao?post=37763"}],"curies":[{"name":"wp","href":"https:\/\/api.w.org\/{rel}","templated":true}]}}