{"id":37772,"date":"2025-04-16T15:42:22","date_gmt":"2025-04-16T18:42:22","guid":{"rendered":"https:\/\/cajamar.sp.gov.br\/noticias\/?p=37772"},"modified":"2025-04-17T16:20:41","modified_gmt":"2025-04-17T19:20:41","slug":"programacao-da-feira-noturna-do-polvilho-tera-alteracao-de-horario-nesta-sexta-feira-18","status":"publish","type":"post","link":"https:\/\/cajamar.sp.gov.br\/noticias\/2025\/04\/16\/programacao-da-feira-noturna-do-polvilho-tera-alteracao-de-horario-nesta-sexta-feira-18\/","title":{"rendered":"Programa\u00e7\u00e3o da feira noturna do Polvilho ter\u00e1 altera\u00e7\u00e3o de hor\u00e1rio nesta sexta-feira (18)"},"content":{"rendered":"\n<figure class=\"wp-block-image size-full\"><img fetchpriority=\"high\" decoding=\"async\" width=\"1200\" height=\"627\" src=\"https:\/\/cajamar.sp.gov.br\/noticias\/wp-content\/uploads\/sites\/2\/2025\/04\/site-5-1.png\" alt=\"\" class=\"wp-image-37773\" srcset=\"https:\/\/cajamar.sp.gov.br\/noticias\/wp-content\/uploads\/sites\/2\/2025\/04\/site-5-1.png 1200w, https:\/\/cajamar.sp.gov.br\/noticias\/wp-content\/uploads\/sites\/2\/2025\/04\/site-5-1-768x401.png 768w\" sizes=\"(max-width: 1200px) 100vw, 1200px\" \/><\/figure>\n\n\n\n<p>Em raz\u00e3o do feriado nacional da Paix\u00e3o de Cristo, celebrado na pr\u00f3xima sexta-feira, 18 de abril, a feira noturna do Polvilho ter\u00e1 altera\u00e7\u00e3o no hor\u00e1rio de funcionamento, devido \u00e0 realiza\u00e7\u00e3o de eventos religiosos.<\/p>\n\n\n\n<p>Segundo o Departamento Municipal de Fiscaliza\u00e7\u00e3o, excepcionalmente nesta sexta-feira (18), a feira realizada na Pra\u00e7a da B\u00edblia, em frente ao Gin\u00e1sio de Esportes Ant\u00f4nio Carlos Tramassi, ocorrer\u00e1 das 5h \u00e0s 14h.<\/p>\n\n\n\n<p>No s\u00e1bado (19) e no domingo (20), as feiras de Jordan\u00e9sia e do Polvilho funcionar\u00e3o normalmente, nos hor\u00e1rios habituais.<\/p>\n\n\n\n<p>Contamos com a compreens\u00e3o de todos!<\/p>\n\n\n\n<p><\/p>\n","protected":false},"excerpt":{"rendered":"<p>No s\u00e1bado (19) e no domingo (20), as feiras de Jordan\u00e9sia e do Polvilho funcionar\u00e3o normalmente, nos hor\u00e1rios habituais<\/p>\n","protected":false},"author":11,"featured_media":0,"comment_status":"closed","ping_status":"closed","sticky":true,"template":"","format":"standard","meta":{"footnotes":""},"categories":[1,40],"tags":[],"posicao":[28],"class_list":["post-37772","post","type-post","status-publish","format-standard","hentry","category-noticias","category-seguranca-defesa-e-mobilidade","posicao-destaque"],"_links":{"self":[{"href":"https:\/\/cajamar.sp.gov.br\/noticias\/wp-json\/wp\/v2\/posts\/37772","targetHints":{"allow":["GET"]}}],"collection":[{"href":"https:\/\/cajamar.sp.gov.br\/noticias\/wp-json\/wp\/v2\/posts"}],"about":[{"href":"https:\/\/cajamar.sp.gov.br\/noticias\/wp-json\/wp\/v2\/types\/post"}],"author":[{"embeddable":true,"href":"https:\/\/cajamar.sp.gov.br\/noticias\/wp-json\/wp\/v2\/users\/11"}],"replies":[{"embeddable":true,"href":"https:\/\/cajamar.sp.gov.br\/noticias\/wp-json\/wp\/v2\/comments?post=37772"}],"version-history":[{"count":1,"href":"https:\/\/cajamar.sp.gov.br\/noticias\/wp-json\/wp\/v2\/posts\/37772\/revisions"}],"predecessor-version":[{"id":37774,"href":"https:\/\/cajamar.sp.gov.br\/noticias\/wp-json\/wp\/v2\/posts\/37772\/revisions\/37774"}],"wp:attachment":[{"href":"https:\/\/cajamar.sp.gov.br\/noticias\/wp-json\/wp\/v2\/media?parent=37772"}],"wp:term":[{"taxonomy":"category","embeddable":true,"href":"https:\/\/cajamar.sp.gov.br\/noticias\/wp-json\/wp\/v2\/categories?post=37772"},{"taxonomy":"post_tag","embeddable":true,"href":"https:\/\/cajamar.sp.gov.br\/noticias\/wp-json\/wp\/v2\/tags?post=37772"},{"taxonomy":"posicao","embeddable":true,"href":"https:\/\/cajamar.sp.gov.br\/noticias\/wp-json\/wp\/v2\/posicao?post=37772"}],"curies":[{"name":"wp","href":"https:\/\/api.w.org\/{rel}","templated":true}]}}