{"id":37807,"date":"2025-04-23T17:38:17","date_gmt":"2025-04-23T20:38:17","guid":{"rendered":"https:\/\/cajamar.sp.gov.br\/noticias\/?p=37807"},"modified":"2025-04-23T17:38:43","modified_gmt":"2025-04-23T20:38:43","slug":"interdicao-temporaria-de-via-nesta-quarta-feira-24-em-jordanesia","status":"publish","type":"post","link":"https:\/\/cajamar.sp.gov.br\/noticias\/2025\/04\/23\/interdicao-temporaria-de-via-nesta-quarta-feira-24-em-jordanesia\/","title":{"rendered":"Interdi\u00e7\u00e3o tempor\u00e1ria de via nesta quarta-feira (24) em Jordan\u00e9sia"},"content":{"rendered":"\n<figure class=\"wp-block-image size-full\"><img fetchpriority=\"high\" decoding=\"async\" width=\"1200\" height=\"627\" src=\"https:\/\/cajamar.sp.gov.br\/noticias\/wp-content\/uploads\/sites\/2\/2025\/04\/site-7-1.png\" alt=\"\" class=\"wp-image-37808\" srcset=\"https:\/\/cajamar.sp.gov.br\/noticias\/wp-content\/uploads\/sites\/2\/2025\/04\/site-7-1.png 1200w, https:\/\/cajamar.sp.gov.br\/noticias\/wp-content\/uploads\/sites\/2\/2025\/04\/site-7-1-768x401.png 768w\" sizes=\"(max-width: 1200px) 100vw, 1200px\" \/><\/figure>\n\n\n\n<p>Informamos que, nesta <strong>quarta-feira, dia 24 de abril<\/strong>, a <strong>Avenida Vereador Joaquim Soares de Ara\u00fajo estar\u00e1 interditada para o tr\u00e2nsito de ve\u00edculos das 7h \u00e0s 12h<\/strong>, em raz\u00e3o da <strong>inaugura\u00e7\u00e3o da nova unidade do Centro de Apoio Educacional Especializado \u2013 CAEE Jordan\u00e9sia<\/strong>.<\/p>\n\n\n\n<p>Localizado na <strong>Avenida Vereador Joaquim Soares de Ara\u00fajo, n\u00ba 133<\/strong>, o CAEE ser\u00e1 inaugurado \u00e0s <strong>11h<\/strong>, e <strong>toda a popula\u00e7\u00e3o est\u00e1 convidada a participar da cerim\u00f4nia de inaugura\u00e7\u00e3o<\/strong>!<\/p>\n\n\n\n<p>O CAEE oferece suporte pedag\u00f3gico por meio de atendimentos individualizados a estudantes com defici\u00eancia ou Transtorno do Espectro Autista (TEA), que necessitam de acompanhamento educacional espec\u00edfico, contribuindo para seu desenvolvimento integral e conquista da autonomia.<\/p>\n\n\n\n<p>Contamos com a compreens\u00e3o de todos e esperamos por voc\u00eas nesse momento t\u00e3o importante para a educa\u00e7\u00e3o de Cajamar!<\/p>\n\n\n\n<p><\/p>\n","protected":false},"excerpt":{"rendered":"<p>Avenida Vereador Joaquim Soares de Ara\u00fajo ficar\u00e1 fechada das 7h \u00e0s 12h para cerim\u00f4nia de inaugura\u00e7\u00e3o do CAEE<\/p>\n","protected":false},"author":11,"featured_media":0,"comment_status":"closed","ping_status":"closed","sticky":true,"template":"","format":"standard","meta":{"footnotes":""},"categories":[1,40],"tags":[],"posicao":[28],"class_list":["post-37807","post","type-post","status-publish","format-standard","hentry","category-noticias","category-seguranca-defesa-e-mobilidade","posicao-destaque"],"_links":{"self":[{"href":"https:\/\/cajamar.sp.gov.br\/noticias\/wp-json\/wp\/v2\/posts\/37807","targetHints":{"allow":["GET"]}}],"collection":[{"href":"https:\/\/cajamar.sp.gov.br\/noticias\/wp-json\/wp\/v2\/posts"}],"about":[{"href":"https:\/\/cajamar.sp.gov.br\/noticias\/wp-json\/wp\/v2\/types\/post"}],"author":[{"embeddable":true,"href":"https:\/\/cajamar.sp.gov.br\/noticias\/wp-json\/wp\/v2\/users\/11"}],"replies":[{"embeddable":true,"href":"https:\/\/cajamar.sp.gov.br\/noticias\/wp-json\/wp\/v2\/comments?post=37807"}],"version-history":[{"count":1,"href":"https:\/\/cajamar.sp.gov.br\/noticias\/wp-json\/wp\/v2\/posts\/37807\/revisions"}],"predecessor-version":[{"id":37809,"href":"https:\/\/cajamar.sp.gov.br\/noticias\/wp-json\/wp\/v2\/posts\/37807\/revisions\/37809"}],"wp:attachment":[{"href":"https:\/\/cajamar.sp.gov.br\/noticias\/wp-json\/wp\/v2\/media?parent=37807"}],"wp:term":[{"taxonomy":"category","embeddable":true,"href":"https:\/\/cajamar.sp.gov.br\/noticias\/wp-json\/wp\/v2\/categories?post=37807"},{"taxonomy":"post_tag","embeddable":true,"href":"https:\/\/cajamar.sp.gov.br\/noticias\/wp-json\/wp\/v2\/tags?post=37807"},{"taxonomy":"posicao","embeddable":true,"href":"https:\/\/cajamar.sp.gov.br\/noticias\/wp-json\/wp\/v2\/posicao?post=37807"}],"curies":[{"name":"wp","href":"https:\/\/api.w.org\/{rel}","templated":true}]}}