{"id":38169,"date":"2025-05-22T15:18:40","date_gmt":"2025-05-22T18:18:40","guid":{"rendered":"https:\/\/cajamar.sp.gov.br\/noticias\/?p=38169"},"modified":"2025-05-22T15:19:09","modified_gmt":"2025-05-22T18:19:09","slug":"cajamar-realiza-dia-d-de-vacinacao-neste-sabado-24","status":"publish","type":"post","link":"https:\/\/cajamar.sp.gov.br\/noticias\/2025\/05\/22\/cajamar-realiza-dia-d-de-vacinacao-neste-sabado-24\/","title":{"rendered":"Cajamar realiza Dia D de Vacina\u00e7\u00e3o neste s\u00e1bado (24)"},"content":{"rendered":"\n<figure class=\"wp-block-image size-full\"><img fetchpriority=\"high\" decoding=\"async\" width=\"1200\" height=\"627\" src=\"https:\/\/cajamar.sp.gov.br\/noticias\/wp-content\/uploads\/sites\/2\/2025\/05\/site-34.png\" alt=\"\" class=\"wp-image-38179\" srcset=\"https:\/\/cajamar.sp.gov.br\/noticias\/wp-content\/uploads\/sites\/2\/2025\/05\/site-34.png 1200w, https:\/\/cajamar.sp.gov.br\/noticias\/wp-content\/uploads\/sites\/2\/2025\/05\/site-34-768x401.png 768w\" sizes=\"(max-width: 1200px) 100vw, 1200px\" \/><\/figure>\n\n\n\n<p>A Prefeitura de Cajamar, por meio da Secretaria Municipal de Sa\u00fade, promover\u00e1 no pr\u00f3ximo s\u00e1bado, dia 24 de maio, o Dia D da Sa\u00fade, uma mobiliza\u00e7\u00e3o especial para a atualiza\u00e7\u00e3o do calend\u00e1rio vacinal da popula\u00e7\u00e3o.<\/p>\n\n\n\n<p>A a\u00e7\u00e3o ser\u00e1 realizada das 08h \u00e0s 17h no Complexo de Sa\u00fade (t\u00e9rreo) e na UBS do Polvilho, e das 09h \u00e0s 16h na Escola e Centro Comunit\u00e1rio do bairro Lago Azul.<\/p>\n\n\n\n<p>Todas as vacinas previstas no calend\u00e1rio do Sistema \u00danico de Sa\u00fade (SUS) estar\u00e3o dispon\u00edveis, com foco especial nas imuniza\u00e7\u00f5es contra a febre amarela e a influenza (gripe).<\/p>\n\n\n\n<p>A iniciativa tem como objetivo refor\u00e7ar a prote\u00e7\u00e3o da popula\u00e7\u00e3o contra doen\u00e7as imunopreven\u00edveis, al\u00e9m de ampliar a cobertura vacinal no munic\u00edpio.<\/p>\n\n\n\n<p>A Secretaria de Sa\u00fade refor\u00e7a a import\u00e2ncia de comparecer aos locais de vacina\u00e7\u00e3o com documento de identifica\u00e7\u00e3o e carteira de vacina\u00e7\u00e3o para avalia\u00e7\u00e3o e atualiza\u00e7\u00e3o das doses.<\/p>\n\n\n\n<p><strong>Locais de vacina\u00e7\u00e3o:<\/strong><\/p>\n\n\n\n<p><strong>\ud83c\udfe5 Complexo de Sa\u00fade (t\u00e9rreo)<\/strong><br>\ud83d\udccd Av. Dr. Ant\u00f4nio Jo\u00e3o Abdala n\u00b0 1500<br>\u23f0 Das 08h \u00e0s 17h<\/p>\n\n\n\n<p><strong>\ud83c\udfe5 UBS Dra. Izabel Gratieri<\/strong><br>\ud83d\udccd Rua Timburi, 121 \u2013 Polvilho<br>\u23f0 Das 8h \u00e0s 17h<\/p>\n\n\n\n<p><strong>Lago Azul (EMEB e Centro Comunit\u00e1rio)<\/strong><br>\ud83d\udccd Rua Areias n\u00b0 473<br>\u23f0 Das 09h \u00e0s 16h<\/p>\n\n\n\n<p>Vacinar \u00e9 um ato de cuidado e prote\u00e7\u00e3o. Participe do Dia D e ajude a manter Cajamar protegida!<\/p>\n\n\n\n<p><\/p>\n","protected":false},"excerpt":{"rendered":"<p>A a\u00e7\u00e3o ser\u00e1 realizada das 08h \u00e0s 17h no Complexo de Sa\u00fade (t\u00e9rreo) e na UBS do Polvilho, e das 09h \u00e0s 16h na EMEB e Centro Comunit\u00e1rio do bairro Lago Azul<\/p>\n","protected":false},"author":11,"featured_media":0,"comment_status":"closed","ping_status":"closed","sticky":true,"template":"","format":"standard","meta":{"footnotes":""},"categories":[1,2],"tags":[],"posicao":[28],"class_list":["post-38169","post","type-post","status-publish","format-standard","hentry","category-noticias","category-saude","posicao-destaque"],"_links":{"self":[{"href":"https:\/\/cajamar.sp.gov.br\/noticias\/wp-json\/wp\/v2\/posts\/38169","targetHints":{"allow":["GET"]}}],"collection":[{"href":"https:\/\/cajamar.sp.gov.br\/noticias\/wp-json\/wp\/v2\/posts"}],"about":[{"href":"https:\/\/cajamar.sp.gov.br\/noticias\/wp-json\/wp\/v2\/types\/post"}],"author":[{"embeddable":true,"href":"https:\/\/cajamar.sp.gov.br\/noticias\/wp-json\/wp\/v2\/users\/11"}],"replies":[{"embeddable":true,"href":"https:\/\/cajamar.sp.gov.br\/noticias\/wp-json\/wp\/v2\/comments?post=38169"}],"version-history":[{"count":3,"href":"https:\/\/cajamar.sp.gov.br\/noticias\/wp-json\/wp\/v2\/posts\/38169\/revisions"}],"predecessor-version":[{"id":38180,"href":"https:\/\/cajamar.sp.gov.br\/noticias\/wp-json\/wp\/v2\/posts\/38169\/revisions\/38180"}],"wp:attachment":[{"href":"https:\/\/cajamar.sp.gov.br\/noticias\/wp-json\/wp\/v2\/media?parent=38169"}],"wp:term":[{"taxonomy":"category","embeddable":true,"href":"https:\/\/cajamar.sp.gov.br\/noticias\/wp-json\/wp\/v2\/categories?post=38169"},{"taxonomy":"post_tag","embeddable":true,"href":"https:\/\/cajamar.sp.gov.br\/noticias\/wp-json\/wp\/v2\/tags?post=38169"},{"taxonomy":"posicao","embeddable":true,"href":"https:\/\/cajamar.sp.gov.br\/noticias\/wp-json\/wp\/v2\/posicao?post=38169"}],"curies":[{"name":"wp","href":"https:\/\/api.w.org\/{rel}","templated":true}]}}