{"id":38809,"date":"2025-07-08T16:42:43","date_gmt":"2025-07-08T19:42:43","guid":{"rendered":"https:\/\/cajamar.sp.gov.br\/noticias\/?p=38809"},"modified":"2025-07-08T16:44:25","modified_gmt":"2025-07-08T19:44:25","slug":"cajamar-mantera-servicos-essenciais-no-feriado-da-revolucao-constitucionalista","status":"publish","type":"post","link":"https:\/\/cajamar.sp.gov.br\/noticias\/2025\/07\/08\/cajamar-mantera-servicos-essenciais-no-feriado-da-revolucao-constitucionalista\/","title":{"rendered":"Cajamar manter\u00e1 servi\u00e7os essenciais no feriado da Revolu\u00e7\u00e3o Constitucionalista"},"content":{"rendered":"\n<figure class=\"wp-block-image size-full\"><img fetchpriority=\"high\" decoding=\"async\" width=\"1000\" height=\"700\" src=\"https:\/\/cajamar.sp.gov.br\/noticias\/wp-content\/uploads\/sites\/2\/2025\/07\/site-feriado.png\" alt=\"\" class=\"wp-image-38811\" srcset=\"https:\/\/cajamar.sp.gov.br\/noticias\/wp-content\/uploads\/sites\/2\/2025\/07\/site-feriado.png 1000w, https:\/\/cajamar.sp.gov.br\/noticias\/wp-content\/uploads\/sites\/2\/2025\/07\/site-feriado-768x538.png 768w\" sizes=\"(max-width: 1000px) 100vw, 1000px\" \/><\/figure>\n\n\n\n<p>A Prefeitura de Cajamar manter\u00e1 o funcionamento dos <strong>servi\u00e7os essenciais<\/strong> durante o feriado estadual da <strong>Revolu\u00e7\u00e3o Constitucionalista<\/strong>, celebrado nesta <strong>quarta-feira, 9 de julho<\/strong>. Apesar da suspens\u00e3o do expediente nas reparti\u00e7\u00f5es p\u00fablicas municipais, a administra\u00e7\u00e3o garantir\u00e1 que os atendimentos fundamentais \u00e0 popula\u00e7\u00e3o continuem sem interrup\u00e7\u00f5es, incluindo sa\u00fade, seguran\u00e7a, limpeza urbana e op\u00e7\u00f5es de lazer.<\/p>\n\n\n\n<p><strong>SA\u00daDE<\/strong><\/p>\n\n\n\n<p>Os atendimentos de urg\u00eancia e emerg\u00eancia estar\u00e3o assegurados no <strong>Hospital Municipal \u201cEnfermeiro Ant\u00f4nio Policarpo de Oliveira\u201d (Hospital Regional)<\/strong>, localizado na Avenida Bento da Silva Bueno, n\u00ba 202, Parque Para\u00edso, Polvilho. A unidade manter\u00e1 o funcionamento habitual, em regime de plant\u00e3o 24 horas, com pronto-socorro para casos de m\u00e9dia e alta complexidade, tanto para adultos quanto para crian\u00e7as.<\/p>\n\n\n\n<p>Al\u00e9m disso, a <strong>Unidade de Pronto Atendimento (UPA-Jordan\u00e9sia)<\/strong>, localizada na Rua Alfredo Del\u2019Vigna, 253, Jardim Nova Jordan\u00e9sia, tamb\u00e9m estar\u00e1 aberta ininterruptamente. O <strong>Servi\u00e7o de Atendimento M\u00f3vel de Urg\u00eancia (SAMU)<\/strong> pode ser acionado a qualquer momento pelo n\u00famero <strong>192<\/strong>.<\/p>\n\n\n\n<p>No <strong>Complexo de Sa\u00fade<\/strong>, o atendimento para procedimentos <strong>pr\u00e9-agendados<\/strong> ser\u00e1 realizado das <strong>8h \u00e0s 17h<\/strong>.<\/p>\n\n\n\n<h3 class=\"wp-block-heading\">SERVI\u00c7OS P\u00daBLICOS<\/h3>\n\n\n\n<p>Os servi\u00e7os de <strong>coleta de lixo<\/strong> e <strong>zeladoria urbana<\/strong> ser\u00e3o mantidos normalmente, contribuindo para a limpeza e organiza\u00e7\u00e3o dos espa\u00e7os p\u00fablicos durante o feriado.<\/p>\n\n\n\n<h3 class=\"wp-block-heading\">SERVI\u00c7O FUNER\u00c1RIO<\/h3>\n\n\n\n<ul class=\"wp-block-list\">\n<li><strong>Cemit\u00e9rio Municipal:<\/strong> aberto das <strong>8h \u00e0s 17h<\/strong><\/li>\n\n\n\n<li><strong>Vel\u00f3rio Municipal:<\/strong> funcionamento das <strong>8h \u00e0s 16h<\/strong>, seguindo os protocolos vigentes.<\/li>\n<\/ul>\n\n\n\n<h3 class=\"wp-block-heading\">SEGURAN\u00c7A<\/h3>\n\n\n\n<p>A <strong>Guarda Civil Municipal (GCM)<\/strong> seguir\u00e1 com patrulhamento di\u00e1rio e monitoramento 24 horas pelas c\u00e2meras da <strong>Central de Seguran\u00e7a Integrada (CSI)<\/strong>.<br>Atendimento pelos telefones:<\/p>\n\n\n\n<ul class=\"wp-block-list\">\n<li>(11) 4446-0153<\/li>\n\n\n\n<li>153<\/li>\n<\/ul>\n\n\n\n<p>A <strong>Defesa Civil<\/strong> tamb\u00e9m estar\u00e1 de plant\u00e3o e pode ser acionada pelo n\u00famero <strong>(11) 4446-0199<\/strong>.<\/p>\n\n\n\n<h5 class=\"wp-block-heading\"><strong>TR\u00c2NSITO<\/strong><\/h5>\n\n\n\n<p>A Secretaria de Transporte e Mobilidade Urbana manter\u00e1 plant\u00e3o para quest\u00f5es relacionadas ao tr\u00e2nsito, pelo telefone (11) 4446-0015.<\/p>\n\n\n\n<h3 class=\"wp-block-heading\">LAZER<\/h3>\n\n\n\n<p>Para quem deseja aproveitar o dia de folga ao ar livre, os parques municipais funcionar\u00e3o normalmente:<\/p>\n\n\n\n<ul class=\"wp-block-list\">\n<li><strong>Parques Cajamar Feliz de Jordan\u00e9sia e Polvilho<\/strong>\n<ul class=\"wp-block-list\">\n<li><strong>Hor\u00e1rio (09\/07 &#8211; quarta-feira):<\/strong> das <strong>6h \u00e0s 19h<\/strong><\/li>\n<\/ul>\n<\/li>\n\n\n\n<li><strong>Parques Lineares em Cajamar e Ponunduva<\/strong>\n<ul class=\"wp-block-list\">\n<li>Acesso livre durante todos os dias do feriado.<\/li>\n<\/ul>\n<\/li>\n\n\n\n<li><strong>Pista de caminhada do Campo do Polvilho (Est\u00e1dio Municipal Ant\u00f4nio Fachina):<\/strong>\n<ul class=\"wp-block-list\">\n<li>Funcionamento das <strong>6h \u00e0s 21h<\/strong>.<\/li>\n<\/ul>\n<\/li>\n<\/ul>\n\n\n\n<p><\/p>\n","protected":false},"excerpt":{"rendered":"<p>Sa\u00fade, seguran\u00e7a, limpeza urbana e espa\u00e7os de lazer continuam funcionando normalmente nesta quarta-feira (09\/07)<\/p>\n","protected":false},"author":11,"featured_media":0,"comment_status":"closed","ping_status":"closed","sticky":true,"template":"","format":"standard","meta":{"footnotes":""},"categories":[1],"tags":[],"posicao":[28],"class_list":["post-38809","post","type-post","status-publish","format-standard","hentry","category-noticias","posicao-destaque"],"_links":{"self":[{"href":"https:\/\/cajamar.sp.gov.br\/noticias\/wp-json\/wp\/v2\/posts\/38809","targetHints":{"allow":["GET"]}}],"collection":[{"href":"https:\/\/cajamar.sp.gov.br\/noticias\/wp-json\/wp\/v2\/posts"}],"about":[{"href":"https:\/\/cajamar.sp.gov.br\/noticias\/wp-json\/wp\/v2\/types\/post"}],"author":[{"embeddable":true,"href":"https:\/\/cajamar.sp.gov.br\/noticias\/wp-json\/wp\/v2\/users\/11"}],"replies":[{"embeddable":true,"href":"https:\/\/cajamar.sp.gov.br\/noticias\/wp-json\/wp\/v2\/comments?post=38809"}],"version-history":[{"count":2,"href":"https:\/\/cajamar.sp.gov.br\/noticias\/wp-json\/wp\/v2\/posts\/38809\/revisions"}],"predecessor-version":[{"id":38813,"href":"https:\/\/cajamar.sp.gov.br\/noticias\/wp-json\/wp\/v2\/posts\/38809\/revisions\/38813"}],"wp:attachment":[{"href":"https:\/\/cajamar.sp.gov.br\/noticias\/wp-json\/wp\/v2\/media?parent=38809"}],"wp:term":[{"taxonomy":"category","embeddable":true,"href":"https:\/\/cajamar.sp.gov.br\/noticias\/wp-json\/wp\/v2\/categories?post=38809"},{"taxonomy":"post_tag","embeddable":true,"href":"https:\/\/cajamar.sp.gov.br\/noticias\/wp-json\/wp\/v2\/tags?post=38809"},{"taxonomy":"posicao","embeddable":true,"href":"https:\/\/cajamar.sp.gov.br\/noticias\/wp-json\/wp\/v2\/posicao?post=38809"}],"curies":[{"name":"wp","href":"https:\/\/api.w.org\/{rel}","templated":true}]}}