{"id":38840,"date":"2025-07-08T19:34:55","date_gmt":"2025-07-08T22:34:55","guid":{"rendered":"https:\/\/cajamar.sp.gov.br\/noticias\/?p=38840"},"modified":"2025-07-08T19:35:24","modified_gmt":"2025-07-08T22:35:24","slug":"cafe-com-conversa-tera-novo-encontro-com-o-tema-oficina-do-medo","status":"publish","type":"post","link":"https:\/\/cajamar.sp.gov.br\/noticias\/2025\/07\/08\/cafe-com-conversa-tera-novo-encontro-com-o-tema-oficina-do-medo\/","title":{"rendered":"Caf\u00e9 com Conversa ter\u00e1 novo encontro com o tema &#8220;Oficina do Medo&#8221;"},"content":{"rendered":"\n<figure class=\"wp-block-image size-full\"><img fetchpriority=\"high\" decoding=\"async\" width=\"1200\" height=\"627\" src=\"https:\/\/cajamar.sp.gov.br\/noticias\/wp-content\/uploads\/sites\/2\/2025\/07\/site-37.png\" alt=\"\" class=\"wp-image-38841\" srcset=\"https:\/\/cajamar.sp.gov.br\/noticias\/wp-content\/uploads\/sites\/2\/2025\/07\/site-37.png 1200w, https:\/\/cajamar.sp.gov.br\/noticias\/wp-content\/uploads\/sites\/2\/2025\/07\/site-37-768x401.png 768w\" sizes=\"(max-width: 1200px) 100vw, 1200px\" \/><\/figure>\n\n\n\n<p>O Fundo Social de Solidariedade de Cajamar realiza mais uma edi\u00e7\u00e3o especial do projeto Caf\u00e9 com Conversa, que nesta edi\u00e7\u00e3o abordar\u00e1 o tema &#8220;Oficina do Medo&#8221;, com foco no acolhimento emocional de crian\u00e7as e adolescentes.<\/p>\n\n\n\n<p>O encontro acontecer\u00e1 na pr\u00f3xima ter\u00e7a-feira, dia 15 de julho, \u00e0s 15h, na sede do Fundo Social, e contar\u00e1 com a condu\u00e7\u00e3o da psic\u00f3loga Leila Junqueira e da psicopedagoga Renata Romero, profissionais que atuam no acolhimento e desenvolvimento emocional do p\u00fablico infantojuvenil.<\/p>\n\n\n\n<p>A proposta da oficina \u00e9 trabalhar os sentimentos e emo\u00e7\u00f5es ligados ao medo, por meio de din\u00e2micas e reflex\u00f5es que incentivem o autoconhecimento e o di\u00e1logo, promovendo um espa\u00e7o seguro de escuta e express\u00e3o.<\/p>\n\n\n\n<p>O tema da palestra ser\u00e1 direcionado para crian\u00e7as de 5 a 10 anos. As inscri\u00e7\u00f5es s\u00e3o gratuitas e devem ser feitas pelo telefone (11) 4446-0032.<\/p>\n\n\n\n<p>Vagas s\u00e3o limitadas!<\/p>\n\n\n\n<p>Participe e incentive as crian\u00e7as e adolescentes a vivenciarem esse momento de escuta, troca e aprendizado!<\/p>\n\n\n\n<p>CAF\u00c9 COM CONVERSA \u2615<br>\ud83d\udcc6 15\/07 | \u23f0 15h<br>\ud83d\udccd Av. Arnaldo Rojek n\u00b0 403<br>\u260e\ufe0f Inscri\u00e7\u00f5es: (11) 4446-0032<\/p>\n\n\n\n<p><\/p>\n","protected":false},"excerpt":{"rendered":"<p>Encontro ser\u00e1 realizado no dia 15 de julho, no Fundo Social, e \u00e9 voltado para crian\u00e7as de 5 a 10 anos, com din\u00e2micas conduzidas por psic\u00f3loga e psicopedagoga<\/p>\n","protected":false},"author":11,"featured_media":0,"comment_status":"closed","ping_status":"closed","sticky":true,"template":"","format":"standard","meta":{"footnotes":""},"categories":[16,1],"tags":[],"posicao":[28],"class_list":["post-38840","post","type-post","status-publish","format-standard","hentry","category-fundo-social-cajamar","category-noticias","posicao-destaque"],"_links":{"self":[{"href":"https:\/\/cajamar.sp.gov.br\/noticias\/wp-json\/wp\/v2\/posts\/38840","targetHints":{"allow":["GET"]}}],"collection":[{"href":"https:\/\/cajamar.sp.gov.br\/noticias\/wp-json\/wp\/v2\/posts"}],"about":[{"href":"https:\/\/cajamar.sp.gov.br\/noticias\/wp-json\/wp\/v2\/types\/post"}],"author":[{"embeddable":true,"href":"https:\/\/cajamar.sp.gov.br\/noticias\/wp-json\/wp\/v2\/users\/11"}],"replies":[{"embeddable":true,"href":"https:\/\/cajamar.sp.gov.br\/noticias\/wp-json\/wp\/v2\/comments?post=38840"}],"version-history":[{"count":1,"href":"https:\/\/cajamar.sp.gov.br\/noticias\/wp-json\/wp\/v2\/posts\/38840\/revisions"}],"predecessor-version":[{"id":38842,"href":"https:\/\/cajamar.sp.gov.br\/noticias\/wp-json\/wp\/v2\/posts\/38840\/revisions\/38842"}],"wp:attachment":[{"href":"https:\/\/cajamar.sp.gov.br\/noticias\/wp-json\/wp\/v2\/media?parent=38840"}],"wp:term":[{"taxonomy":"category","embeddable":true,"href":"https:\/\/cajamar.sp.gov.br\/noticias\/wp-json\/wp\/v2\/categories?post=38840"},{"taxonomy":"post_tag","embeddable":true,"href":"https:\/\/cajamar.sp.gov.br\/noticias\/wp-json\/wp\/v2\/tags?post=38840"},{"taxonomy":"posicao","embeddable":true,"href":"https:\/\/cajamar.sp.gov.br\/noticias\/wp-json\/wp\/v2\/posicao?post=38840"}],"curies":[{"name":"wp","href":"https:\/\/api.w.org\/{rel}","templated":true}]}}