{"id":39211,"date":"2025-07-30T16:53:18","date_gmt":"2025-07-30T19:53:18","guid":{"rendered":"https:\/\/cajamar.sp.gov.br\/noticias\/?p=39211"},"modified":"2025-07-30T16:54:32","modified_gmt":"2025-07-30T19:54:32","slug":"prefeitura-de-cajamar-inicia-instalacao-de-100-novos-abrigos-de-onibus-no-municipio","status":"publish","type":"post","link":"https:\/\/cajamar.sp.gov.br\/noticias\/2025\/07\/30\/prefeitura-de-cajamar-inicia-instalacao-de-100-novos-abrigos-de-onibus-no-municipio\/","title":{"rendered":"Prefeitura de Cajamar inicia instala\u00e7\u00e3o de 100 novos abrigos de \u00f4nibus no munic\u00edpio"},"content":{"rendered":"\n<figure class=\"wp-block-image size-large\"><img fetchpriority=\"high\" decoding=\"async\" width=\"1280\" height=\"960\" src=\"https:\/\/cajamar.sp.gov.br\/noticias\/wp-content\/uploads\/sites\/2\/2025\/07\/imagem-39-3-1280x960.jpeg\" alt=\"\" class=\"wp-image-39212\" srcset=\"https:\/\/cajamar.sp.gov.br\/noticias\/wp-content\/uploads\/sites\/2\/2025\/07\/imagem-39-3-1280x960.jpeg 1280w, https:\/\/cajamar.sp.gov.br\/noticias\/wp-content\/uploads\/sites\/2\/2025\/07\/imagem-39-3-300x225.jpeg 300w, https:\/\/cajamar.sp.gov.br\/noticias\/wp-content\/uploads\/sites\/2\/2025\/07\/imagem-39-3-768x576.jpeg 768w, https:\/\/cajamar.sp.gov.br\/noticias\/wp-content\/uploads\/sites\/2\/2025\/07\/imagem-39-3-1536x1152.jpeg 1536w, https:\/\/cajamar.sp.gov.br\/noticias\/wp-content\/uploads\/sites\/2\/2025\/07\/imagem-39-3.jpeg 2048w\" sizes=\"(max-width: 1280px) 100vw, 1280px\" \/><\/figure>\n\n\n\n<p>A Prefeitura de Cajamar deu in\u00edcio \u00e0 instala\u00e7\u00e3o de 100 novos pontos de \u00f4nibus em diversas regi\u00f5es da cidade, refor\u00e7ando o compromisso com a mobilidade urbana, o conforto e a seguran\u00e7a dos usu\u00e1rios do transporte p\u00fablico.<\/p>\n\n\n\n<p>A primeira etapa da a\u00e7\u00e3o teve in\u00edcio no bairro Para\u00edso e ser\u00e1 expandida para outros bairros nos pr\u00f3ximos dias. Os novos abrigos foram projetados com estruturas modernas e funcionais, contando com espa\u00e7o acess\u00edvel para cadeirantes, cobertura refor\u00e7ada, ilumina\u00e7\u00e3o de LED e lixeiras, proporcionando mais prote\u00e7\u00e3o contra sol e chuva.<\/p>\n\n\n\n<p>Essa iniciativa visa oferecer uma experi\u00eancia mais digna aos passageiros, promovendo um ambiente mais seguro, acess\u00edvel e confort\u00e1vel para quem utiliza diariamente o transporte coletivo municipal.<\/p>\n\n\n\n<p>A Prefeitura seguir\u00e1 com a instala\u00e7\u00e3o dos novos abrigos por toda a cidade. Com a implanta\u00e7\u00e3o dos novos pontos de \u00f4nibus, Cajamar segue avan\u00e7ando na reestrutura\u00e7\u00e3o do sistema de transporte p\u00fablico, investindo em melhorias que impactam diretamente na qualidade de vida da popula\u00e7\u00e3o.<\/p>\n\n\n\n<div class=\"wp-block-group is-layout-grid wp-container-core-group-is-layout-9649a0d9 wp-block-group-is-layout-grid\">\n<figure class=\"wp-block-image size-large\"><img decoding=\"async\" width=\"1280\" height=\"960\" src=\"https:\/\/cajamar.sp.gov.br\/noticias\/wp-content\/uploads\/sites\/2\/2025\/07\/imagem-41-3-1280x960.jpeg\" alt=\"\" class=\"wp-image-39215\" srcset=\"https:\/\/cajamar.sp.gov.br\/noticias\/wp-content\/uploads\/sites\/2\/2025\/07\/imagem-41-3-1280x960.jpeg 1280w, https:\/\/cajamar.sp.gov.br\/noticias\/wp-content\/uploads\/sites\/2\/2025\/07\/imagem-41-3-300x225.jpeg 300w, https:\/\/cajamar.sp.gov.br\/noticias\/wp-content\/uploads\/sites\/2\/2025\/07\/imagem-41-3-768x576.jpeg 768w, https:\/\/cajamar.sp.gov.br\/noticias\/wp-content\/uploads\/sites\/2\/2025\/07\/imagem-41-3-1536x1152.jpeg 1536w, https:\/\/cajamar.sp.gov.br\/noticias\/wp-content\/uploads\/sites\/2\/2025\/07\/imagem-41-3.jpeg 2048w\" sizes=\"(max-width: 1280px) 100vw, 1280px\" \/><\/figure>\n\n\n\n<figure class=\"wp-block-image size-large\"><img decoding=\"async\" width=\"1280\" height=\"960\" src=\"https:\/\/cajamar.sp.gov.br\/noticias\/wp-content\/uploads\/sites\/2\/2025\/07\/imagem-40-2-1280x960.jpeg\" alt=\"\" class=\"wp-image-39216\" srcset=\"https:\/\/cajamar.sp.gov.br\/noticias\/wp-content\/uploads\/sites\/2\/2025\/07\/imagem-40-2-1280x960.jpeg 1280w, https:\/\/cajamar.sp.gov.br\/noticias\/wp-content\/uploads\/sites\/2\/2025\/07\/imagem-40-2-300x225.jpeg 300w, https:\/\/cajamar.sp.gov.br\/noticias\/wp-content\/uploads\/sites\/2\/2025\/07\/imagem-40-2-768x576.jpeg 768w, https:\/\/cajamar.sp.gov.br\/noticias\/wp-content\/uploads\/sites\/2\/2025\/07\/imagem-40-2-1536x1152.jpeg 1536w, https:\/\/cajamar.sp.gov.br\/noticias\/wp-content\/uploads\/sites\/2\/2025\/07\/imagem-40-2.jpeg 2048w\" sizes=\"(max-width: 1280px) 100vw, 1280px\" \/><\/figure>\n\n\n\n<figure class=\"wp-block-image size-large\"><img loading=\"lazy\" decoding=\"async\" width=\"1280\" height=\"960\" src=\"https:\/\/cajamar.sp.gov.br\/noticias\/wp-content\/uploads\/sites\/2\/2025\/07\/imagem-39-4-1280x960.jpeg\" alt=\"\" class=\"wp-image-39217\" srcset=\"https:\/\/cajamar.sp.gov.br\/noticias\/wp-content\/uploads\/sites\/2\/2025\/07\/imagem-39-4-1280x960.jpeg 1280w, https:\/\/cajamar.sp.gov.br\/noticias\/wp-content\/uploads\/sites\/2\/2025\/07\/imagem-39-4-300x225.jpeg 300w, https:\/\/cajamar.sp.gov.br\/noticias\/wp-content\/uploads\/sites\/2\/2025\/07\/imagem-39-4-768x576.jpeg 768w, https:\/\/cajamar.sp.gov.br\/noticias\/wp-content\/uploads\/sites\/2\/2025\/07\/imagem-39-4-1536x1152.jpeg 1536w, https:\/\/cajamar.sp.gov.br\/noticias\/wp-content\/uploads\/sites\/2\/2025\/07\/imagem-39-4.jpeg 2048w\" sizes=\"(max-width: 1280px) 100vw, 1280px\" \/><\/figure>\n<\/div>\n","protected":false},"excerpt":{"rendered":"<p>Primeira etapa come\u00e7ou no bairro Para\u00edso e contar\u00e1 com estruturas modernas, acess\u00edveis e iluminadas, promovendo mais conforto e seguran\u00e7a para os usu\u00e1rios do transporte p\u00fablico<\/p>\n","protected":false},"author":11,"featured_media":0,"comment_status":"closed","ping_status":"closed","sticky":true,"template":"","format":"standard","meta":{"footnotes":""},"categories":[1,40],"tags":[],"posicao":[28],"class_list":["post-39211","post","type-post","status-publish","format-standard","hentry","category-noticias","category-seguranca-defesa-e-mobilidade","posicao-destaque"],"_links":{"self":[{"href":"https:\/\/cajamar.sp.gov.br\/noticias\/wp-json\/wp\/v2\/posts\/39211","targetHints":{"allow":["GET"]}}],"collection":[{"href":"https:\/\/cajamar.sp.gov.br\/noticias\/wp-json\/wp\/v2\/posts"}],"about":[{"href":"https:\/\/cajamar.sp.gov.br\/noticias\/wp-json\/wp\/v2\/types\/post"}],"author":[{"embeddable":true,"href":"https:\/\/cajamar.sp.gov.br\/noticias\/wp-json\/wp\/v2\/users\/11"}],"replies":[{"embeddable":true,"href":"https:\/\/cajamar.sp.gov.br\/noticias\/wp-json\/wp\/v2\/comments?post=39211"}],"version-history":[{"count":2,"href":"https:\/\/cajamar.sp.gov.br\/noticias\/wp-json\/wp\/v2\/posts\/39211\/revisions"}],"predecessor-version":[{"id":39218,"href":"https:\/\/cajamar.sp.gov.br\/noticias\/wp-json\/wp\/v2\/posts\/39211\/revisions\/39218"}],"wp:attachment":[{"href":"https:\/\/cajamar.sp.gov.br\/noticias\/wp-json\/wp\/v2\/media?parent=39211"}],"wp:term":[{"taxonomy":"category","embeddable":true,"href":"https:\/\/cajamar.sp.gov.br\/noticias\/wp-json\/wp\/v2\/categories?post=39211"},{"taxonomy":"post_tag","embeddable":true,"href":"https:\/\/cajamar.sp.gov.br\/noticias\/wp-json\/wp\/v2\/tags?post=39211"},{"taxonomy":"posicao","embeddable":true,"href":"https:\/\/cajamar.sp.gov.br\/noticias\/wp-json\/wp\/v2\/posicao?post=39211"}],"curies":[{"name":"wp","href":"https:\/\/api.w.org\/{rel}","templated":true}]}}