{"id":39483,"date":"2025-08-22T14:51:13","date_gmt":"2025-08-22T17:51:13","guid":{"rendered":"https:\/\/cajamar.sp.gov.br\/noticias\/?p=39483"},"modified":"2025-08-22T16:49:07","modified_gmt":"2025-08-22T19:49:07","slug":"prefeitura-de-cajamar-alerta-para-periodo-de-veranico","status":"publish","type":"post","link":"https:\/\/cajamar.sp.gov.br\/noticias\/2025\/08\/22\/prefeitura-de-cajamar-alerta-para-periodo-de-veranico\/","title":{"rendered":"Prefeitura de Cajamar alerta para per\u00edodo de Veranico"},"content":{"rendered":"\n<figure class=\"wp-block-image size-full\"><img fetchpriority=\"high\" decoding=\"async\" width=\"1080\" height=\"479\" src=\"https:\/\/cajamar.sp.gov.br\/noticias\/wp-content\/uploads\/sites\/2\/2025\/08\/whatsapp-image-2025-08-22-at-14-46-19.jpeg\" alt=\"\" class=\"wp-image-39484\" srcset=\"https:\/\/cajamar.sp.gov.br\/noticias\/wp-content\/uploads\/sites\/2\/2025\/08\/whatsapp-image-2025-08-22-at-14-46-19.jpeg 1080w, https:\/\/cajamar.sp.gov.br\/noticias\/wp-content\/uploads\/sites\/2\/2025\/08\/whatsapp-image-2025-08-22-at-14-46-19-768x341.jpeg 768w\" sizes=\"(max-width: 1080px) 100vw, 1080px\" \/><\/figure>\n\n\n\n<p>A Prefeitura de Cajamar alerta a popula\u00e7\u00e3o sobre a ocorr\u00eancia do Veranico, per\u00edodo caracterizado por dias consecutivos de calor intenso e estiagem em pleno inverno. Essa condi\u00e7\u00e3o clim\u00e1tica provoca queda significativa na umidade relativa do ar, o que favorece a ocorr\u00eancia de queimadas, inc\u00eandios em vegeta\u00e7\u00e3o e desconfortos respirat\u00f3rios.<\/p>\n\n\n\n<p>De acordo com a Defesa Civil Municipal, a baixa umidade do ar pode agravar problemas de sa\u00fade, principalmente em crian\u00e7as, idosos e pessoas com doen\u00e7as respirat\u00f3rias. Entre os sintomas mais comuns est\u00e3o ressecamento da pele, irrita\u00e7\u00e3o nos olhos, sangramentos nasais, falta de ar e agravamento de quadros de asma e bronquite.<\/p>\n\n\n\n<p>Para reduzir os impactos do Veranico, a Prefeitura recomenda alguns cuidados importantes:<\/p>\n\n\n\n<ul class=\"wp-block-list\">\n<li>Hidrate-se bem, bebendo bastante \u00e1gua ao longo do dia;<\/li>\n<\/ul>\n\n\n\n<ul class=\"wp-block-list\">\n<li>Evite atividades f\u00edsicas ao ar livre nos hor\u00e1rios mais quentes (entre 10h e 16h);<\/li>\n<\/ul>\n\n\n\n<ul class=\"wp-block-list\">\n<li>Mantenha ambientes \u00famidos, utilizando bacias de \u00e1gua, toalhas molhadas ou umidificadores;<\/li>\n<\/ul>\n\n\n\n<ul class=\"wp-block-list\">\n<li>N\u00e3o coloque fogo em lixo, folhas ou terrenos baldios, j\u00e1 que qualquer fa\u00edsca pode se transformar em um inc\u00eandio de grandes propor\u00e7\u00f5es.<\/li>\n<\/ul>\n\n\n\n<p>A Prefeitura de Cajamar refor\u00e7a que est\u00e1 acompanhando a situa\u00e7\u00e3o e pede a colabora\u00e7\u00e3o da popula\u00e7\u00e3o. Em caso de inc\u00eandios, a orienta\u00e7\u00e3o \u00e9 acionar imediatamente o Corpo de Bombeiros pelo 193 ou a Defesa Civil pelo telefone 199.<\/p>\n","protected":false},"excerpt":{"rendered":"<p>Calor intenso e baixa umidade aumentam riscos de queimadas e problemas respirat\u00f3rios<\/p>\n","protected":false},"author":11,"featured_media":0,"comment_status":"closed","ping_status":"closed","sticky":true,"template":"","format":"standard","meta":{"footnotes":""},"categories":[20,1,40],"tags":[],"posicao":[28],"class_list":["post-39483","post","type-post","status-publish","format-standard","hentry","category-defesa-civil","category-noticias","category-seguranca-defesa-e-mobilidade","posicao-destaque"],"_links":{"self":[{"href":"https:\/\/cajamar.sp.gov.br\/noticias\/wp-json\/wp\/v2\/posts\/39483","targetHints":{"allow":["GET"]}}],"collection":[{"href":"https:\/\/cajamar.sp.gov.br\/noticias\/wp-json\/wp\/v2\/posts"}],"about":[{"href":"https:\/\/cajamar.sp.gov.br\/noticias\/wp-json\/wp\/v2\/types\/post"}],"author":[{"embeddable":true,"href":"https:\/\/cajamar.sp.gov.br\/noticias\/wp-json\/wp\/v2\/users\/11"}],"replies":[{"embeddable":true,"href":"https:\/\/cajamar.sp.gov.br\/noticias\/wp-json\/wp\/v2\/comments?post=39483"}],"version-history":[{"count":1,"href":"https:\/\/cajamar.sp.gov.br\/noticias\/wp-json\/wp\/v2\/posts\/39483\/revisions"}],"predecessor-version":[{"id":39485,"href":"https:\/\/cajamar.sp.gov.br\/noticias\/wp-json\/wp\/v2\/posts\/39483\/revisions\/39485"}],"wp:attachment":[{"href":"https:\/\/cajamar.sp.gov.br\/noticias\/wp-json\/wp\/v2\/media?parent=39483"}],"wp:term":[{"taxonomy":"category","embeddable":true,"href":"https:\/\/cajamar.sp.gov.br\/noticias\/wp-json\/wp\/v2\/categories?post=39483"},{"taxonomy":"post_tag","embeddable":true,"href":"https:\/\/cajamar.sp.gov.br\/noticias\/wp-json\/wp\/v2\/tags?post=39483"},{"taxonomy":"posicao","embeddable":true,"href":"https:\/\/cajamar.sp.gov.br\/noticias\/wp-json\/wp\/v2\/posicao?post=39483"}],"curies":[{"name":"wp","href":"https:\/\/api.w.org\/{rel}","templated":true}]}}