{"id":39529,"date":"2025-08-26T20:56:31","date_gmt":"2025-08-26T23:56:31","guid":{"rendered":"https:\/\/cajamar.sp.gov.br\/noticias\/?p=39529"},"modified":"2025-08-27T08:35:18","modified_gmt":"2025-08-27T11:35:18","slug":"prefeitura-de-cajamar-implanta-programa-de-coleta-seletiva","status":"publish","type":"post","link":"https:\/\/cajamar.sp.gov.br\/noticias\/2025\/08\/26\/prefeitura-de-cajamar-implanta-programa-de-coleta-seletiva\/","title":{"rendered":"Prefeitura de Cajamar implanta programa de coleta seletiva"},"content":{"rendered":"\n<figure class=\"wp-block-image size-full\"><img fetchpriority=\"high\" decoding=\"async\" width=\"1200\" height=\"627\" src=\"https:\/\/cajamar.sp.gov.br\/noticias\/wp-content\/uploads\/sites\/2\/2025\/08\/banner-matc389ria-cajamar-recicla.png\" alt=\"\" class=\"wp-image-39530\" srcset=\"https:\/\/cajamar.sp.gov.br\/noticias\/wp-content\/uploads\/sites\/2\/2025\/08\/banner-matc389ria-cajamar-recicla.png 1200w, https:\/\/cajamar.sp.gov.br\/noticias\/wp-content\/uploads\/sites\/2\/2025\/08\/banner-matc389ria-cajamar-recicla-768x401.png 768w\" sizes=\"(max-width: 1200px) 100vw, 1200px\" \/><\/figure>\n\n\n\n<p>A Prefeitura de Cajamar iniciou a implanta\u00e7\u00e3o do programa de coleta seletiva de res\u00edduos s\u00f3lidos em todo o munic\u00edpio. A a\u00e7\u00e3o tem como objetivo promover o descarte adequado de materiais recicl\u00e1veis, reduzir o volume de res\u00edduos destinados a aterros sanit\u00e1rios e fortalecer as pol\u00edticas p\u00fablicas voltadas \u00e0 sustentabilidade ambiental.<\/p>\n\n\n\n<p>A coleta ser\u00e1 realizada nos bairros conforme o cronograma j\u00e1 estabelecido do <em>Cata-Treco<\/em>. Os moradores poder\u00e3o separar papel, pl\u00e1stico, vidro e metal, que ser\u00e3o recolhidos de forma espec\u00edfica e destinados \u00e0 cooperativas de reciclagem que far\u00e3o a triagem do material, evitando assim o seu encaminhamento ao aterro sanit\u00e1rio.<\/p>\n\n\n\n<p>O programa \u201cElo Verde\u201d tamb\u00e9m ser\u00e1 ampliado e passar\u00e1 a atender toda rede municipal de ensino, ficando dispon\u00edvel em todos os bairros da cidade. O Programa visa estimular a conscientiza\u00e7\u00e3o em crian\u00e7as e adolescentes sobre a import\u00e2ncia da reciclagem e assim formar agentes multiplicadores desses valores ambientais\u201d<\/p>\n\n\n\n<p>A implanta\u00e7\u00e3o da coleta seletiva conta com o apoio fundamental do Conselho Municipal de Defesa do Meio Ambiente que aprovou a utiliza\u00e7\u00e3o de recursos do Fundo Municipal de Meio Ambiente para aquisi\u00e7\u00e3o de caminh\u00e3o coletor e tamb\u00e9m fomento \u00e0 cooperativa de reciclagem local.<\/p>\n\n\n\n<p>Acompanhe o cronograma da coleta seletiva e colabore com a separa\u00e7\u00e3o correta dos res\u00edduos:<\/p>\n\n\n\n<p><strong>SEGUNDA-FEIRA<\/strong><br><strong>\u2013 POLVILHO: <\/strong>Jd Bela Vista I e II; Jd Carolina; Jd Mariana; Jd Maringa; Jd Muriano; Jd Primavera; Jd Sta Rita; Jd Santana; Jd S\u00e3o Luis; Jd Tte Marques; Jd Vila Tavares; Panorama I e II; Pq Maria Aparecida I e II; Pq Paraiso; Pq Residencial Cajamar; Residencial Edorado; Vila Granipavi; Vila Planalto.<\/p>\n\n\n\n<p><strong>TER\u00c7A-FEIRA<\/strong><br><strong>\u2013 POLVILHO: <\/strong>Bosque do Sol; Forest Ville III; Jd Adelaide; Jd Jurupari; Pq Jaragu\u00e1; Alpes de Cajamar; Portal I, II e III<\/p>\n\n\n\n<p><strong>QUARTA-FEIRA<\/strong><br><strong>JORDAN\u00c9SIA: <\/strong>Jd Holanda; Jd Penteado; Jd S\u00e3o Jo\u00e3o; Morada Pitoresca; Pq S\u00e3o Roberto I e II; Santa Terezinha; Vila Abr\u00e3o; Vila Uni\u00e3o<\/p>\n\n\n\n<p><strong>PONUNDUVA:<\/strong> Campo Grande; Ch\u00e1cara Alvorada; Ch\u00e1cara Rodeio; Colinas dos Coqueiros; Lago Azul; Pq Alvorada; Pq dos Bandeirantes; Pq Nosso Lar; Recanto da Primavera; Vale das Nascentes; Vau Novo; Village Danubio<\/p>\n\n\n\n<p><strong>QUINTA-FEIRA<\/strong><br><strong>\u2013 JORDAN\u00c9SIA: <\/strong>Conjunto Maria Luiza; Pq Residencial Jordan\u00e9sia; Vila das Am\u00e9ricas; Vila Mariotti; Ch\u00e1cara Ros\u00e1rio; Colina Verde; Condom\u00ednio Vila Verde; Village Scorpios I e II<\/p>\n\n\n\n<p><strong>SEXTA-FEIRA<\/strong><br><strong>\u2013 Capital Ville<\/strong>: Km 41,5 Anhnaguera\/Norte; Km 42,5 Anhnaguera\/Norte; Km 43 Anhnaguera\/Norte; Km 43 Anhnaguera\/Sul (S\u00e3o Benedito); Serra dos Cristais, Centro de Cajamar; Gato Preto; Jd Nova Jordanesia; Centro de JordanesiaJordanesia; Centro de Jordanesia<\/p>\n\n\n\n<p><\/p>\n","protected":false},"excerpt":{"rendered":"<p>A iniciativa amplia as a\u00e7\u00f5es de sustentabilidade, valoriza as cooperativas de reciclagem por meio da gera\u00e7\u00e3o de emprego e renda para pessoas em situa\u00e7\u00e3o de vulnerabilidade social e fortalece a educa\u00e7\u00e3o e a conscientiza\u00e7\u00e3o ambiental em toda a cidade de Cajamar<\/p>\n","protected":false},"author":11,"featured_media":0,"comment_status":"closed","ping_status":"closed","sticky":true,"template":"","format":"standard","meta":{"footnotes":""},"categories":[1,56],"tags":[],"posicao":[28],"class_list":["post-39529","post","type-post","status-publish","format-standard","hentry","category-noticias","category-secretaria-meio-ambiente","posicao-destaque"],"_links":{"self":[{"href":"https:\/\/cajamar.sp.gov.br\/noticias\/wp-json\/wp\/v2\/posts\/39529","targetHints":{"allow":["GET"]}}],"collection":[{"href":"https:\/\/cajamar.sp.gov.br\/noticias\/wp-json\/wp\/v2\/posts"}],"about":[{"href":"https:\/\/cajamar.sp.gov.br\/noticias\/wp-json\/wp\/v2\/types\/post"}],"author":[{"embeddable":true,"href":"https:\/\/cajamar.sp.gov.br\/noticias\/wp-json\/wp\/v2\/users\/11"}],"replies":[{"embeddable":true,"href":"https:\/\/cajamar.sp.gov.br\/noticias\/wp-json\/wp\/v2\/comments?post=39529"}],"version-history":[{"count":2,"href":"https:\/\/cajamar.sp.gov.br\/noticias\/wp-json\/wp\/v2\/posts\/39529\/revisions"}],"predecessor-version":[{"id":39532,"href":"https:\/\/cajamar.sp.gov.br\/noticias\/wp-json\/wp\/v2\/posts\/39529\/revisions\/39532"}],"wp:attachment":[{"href":"https:\/\/cajamar.sp.gov.br\/noticias\/wp-json\/wp\/v2\/media?parent=39529"}],"wp:term":[{"taxonomy":"category","embeddable":true,"href":"https:\/\/cajamar.sp.gov.br\/noticias\/wp-json\/wp\/v2\/categories?post=39529"},{"taxonomy":"post_tag","embeddable":true,"href":"https:\/\/cajamar.sp.gov.br\/noticias\/wp-json\/wp\/v2\/tags?post=39529"},{"taxonomy":"posicao","embeddable":true,"href":"https:\/\/cajamar.sp.gov.br\/noticias\/wp-json\/wp\/v2\/posicao?post=39529"}],"curies":[{"name":"wp","href":"https:\/\/api.w.org\/{rel}","templated":true}]}}