{"id":39772,"date":"2025-09-16T08:55:11","date_gmt":"2025-09-16T11:55:11","guid":{"rendered":"https:\/\/cajamar.sp.gov.br\/noticias\/?p=39772"},"modified":"2025-09-16T08:56:26","modified_gmt":"2025-09-16T11:56:26","slug":"projeto-semeia-cajamar-inaugura-horta-na-emeb-kleber-da-silva-maziero","status":"publish","type":"post","link":"https:\/\/cajamar.sp.gov.br\/noticias\/2025\/09\/16\/projeto-semeia-cajamar-inaugura-horta-na-emeb-kleber-da-silva-maziero\/","title":{"rendered":"Projeto Semeia Cajamar inaugura horta na EMEB Kleber da Silva Maziero"},"content":{"rendered":"\n<figure class=\"wp-block-image size-full\"><img fetchpriority=\"high\" decoding=\"async\" width=\"1200\" height=\"800\" src=\"https:\/\/cajamar.sp.gov.br\/noticias\/wp-content\/uploads\/sites\/2\/2025\/09\/img_20250915_153500.jpg\" alt=\"\" class=\"wp-image-39773\" srcset=\"https:\/\/cajamar.sp.gov.br\/noticias\/wp-content\/uploads\/sites\/2\/2025\/09\/img_20250915_153500.jpg 1200w, https:\/\/cajamar.sp.gov.br\/noticias\/wp-content\/uploads\/sites\/2\/2025\/09\/img_20250915_153500-768x512.jpg 768w\" sizes=\"(max-width: 1200px) 100vw, 1200px\" \/><\/figure>\n\n\n\n<p>A Secretaria do Meio Ambiente, em parceria com a Secretaria de Educa\u00e7\u00e3o, realizou mais uma edi\u00e7\u00e3o do Projeto Semeia Cajamar, desta vez na EMEB Kleber da Silva Maziero (G\u00e3o), com a implanta\u00e7\u00e3o de uma nova horta escolar. A a\u00e7\u00e3o contou com a participa\u00e7\u00e3o dos alunos, diretora, vice-diretora, coordenadora e professores da unidade.<\/p>\n\n\n\n<p>O projeto tem como finalidade criar hortas nas escolas municipais, incentivando o consumo de alimentos naturais, al\u00e9m de estimular o contato das crian\u00e7as com a terra e o aprendizado sobre sustentabilidade e preserva\u00e7\u00e3o ambiental.<\/p>\n\n\n\n<p>Durante a atividade, os alunos puderam participar do plantio de mudas, vivenciando de forma pr\u00e1tica a import\u00e2ncia do cuidado com o meio ambiente e da ado\u00e7\u00e3o de h\u00e1bitos alimentares saud\u00e1veis.<\/p>\n\n\n\n<p>O Projeto Semeia Cajamar continuar\u00e1 sendo desenvolvido em outras escolas e institui\u00e7\u00f5es do munic\u00edpio ao longo do ano, fortalecendo a educa\u00e7\u00e3o ambiental e a qualidade da alimenta\u00e7\u00e3o escolar.<\/p>\n\n\n\n<div class=\"wp-block-group is-layout-grid wp-container-core-group-is-layout-9649a0d9 wp-block-group-is-layout-grid\">\n<figure class=\"wp-block-image size-large\"><img decoding=\"async\" width=\"1280\" height=\"854\" src=\"https:\/\/cajamar.sp.gov.br\/noticias\/wp-content\/uploads\/sites\/2\/2025\/09\/img_20250915_153415-1-1280x854.jpg\" alt=\"\" class=\"wp-image-39775\" srcset=\"https:\/\/cajamar.sp.gov.br\/noticias\/wp-content\/uploads\/sites\/2\/2025\/09\/img_20250915_153415-1-1280x854.jpg 1280w, https:\/\/cajamar.sp.gov.br\/noticias\/wp-content\/uploads\/sites\/2\/2025\/09\/img_20250915_153415-1-768x512.jpg 768w, https:\/\/cajamar.sp.gov.br\/noticias\/wp-content\/uploads\/sites\/2\/2025\/09\/img_20250915_153415-1-1536x1024.jpg 1536w, https:\/\/cajamar.sp.gov.br\/noticias\/wp-content\/uploads\/sites\/2\/2025\/09\/img_20250915_153415-1.jpg 1600w\" sizes=\"(max-width: 1280px) 100vw, 1280px\" \/><\/figure>\n\n\n\n<figure class=\"wp-block-image size-full\"><img decoding=\"async\" width=\"1200\" height=\"800\" src=\"https:\/\/cajamar.sp.gov.br\/noticias\/wp-content\/uploads\/sites\/2\/2025\/09\/img_20250915_153348.jpg\" alt=\"\" class=\"wp-image-39776\" srcset=\"https:\/\/cajamar.sp.gov.br\/noticias\/wp-content\/uploads\/sites\/2\/2025\/09\/img_20250915_153348.jpg 1200w, https:\/\/cajamar.sp.gov.br\/noticias\/wp-content\/uploads\/sites\/2\/2025\/09\/img_20250915_153348-768x512.jpg 768w\" sizes=\"(max-width: 1200px) 100vw, 1200px\" \/><\/figure>\n\n\n\n<figure class=\"wp-block-image size-full\"><img loading=\"lazy\" decoding=\"async\" width=\"1200\" height=\"800\" src=\"https:\/\/cajamar.sp.gov.br\/noticias\/wp-content\/uploads\/sites\/2\/2025\/09\/img_20250915_153041.jpg\" alt=\"\" class=\"wp-image-39777\" srcset=\"https:\/\/cajamar.sp.gov.br\/noticias\/wp-content\/uploads\/sites\/2\/2025\/09\/img_20250915_153041.jpg 1200w, https:\/\/cajamar.sp.gov.br\/noticias\/wp-content\/uploads\/sites\/2\/2025\/09\/img_20250915_153041-768x512.jpg 768w\" sizes=\"(max-width: 1200px) 100vw, 1200px\" \/><\/figure>\n<\/div>\n\n\n\n<div class=\"wp-block-group is-layout-grid wp-container-core-group-is-layout-9649a0d9 wp-block-group-is-layout-grid\"><\/div>\n\n\n\n<p><\/p>\n","protected":false},"excerpt":{"rendered":"<p>Iniciativa promove h\u00e1bitos alimentares saud\u00e1veis e incentiva a educa\u00e7\u00e3o ambiental<\/p>\n","protected":false},"author":11,"featured_media":0,"comment_status":"closed","ping_status":"closed","sticky":true,"template":"","format":"standard","meta":{"footnotes":""},"categories":[10,1],"tags":[],"posicao":[28],"class_list":["post-39772","post","type-post","status-publish","format-standard","hentry","category-meio-ambiente","category-noticias","posicao-destaque"],"_links":{"self":[{"href":"https:\/\/cajamar.sp.gov.br\/noticias\/wp-json\/wp\/v2\/posts\/39772","targetHints":{"allow":["GET"]}}],"collection":[{"href":"https:\/\/cajamar.sp.gov.br\/noticias\/wp-json\/wp\/v2\/posts"}],"about":[{"href":"https:\/\/cajamar.sp.gov.br\/noticias\/wp-json\/wp\/v2\/types\/post"}],"author":[{"embeddable":true,"href":"https:\/\/cajamar.sp.gov.br\/noticias\/wp-json\/wp\/v2\/users\/11"}],"replies":[{"embeddable":true,"href":"https:\/\/cajamar.sp.gov.br\/noticias\/wp-json\/wp\/v2\/comments?post=39772"}],"version-history":[{"count":2,"href":"https:\/\/cajamar.sp.gov.br\/noticias\/wp-json\/wp\/v2\/posts\/39772\/revisions"}],"predecessor-version":[{"id":39779,"href":"https:\/\/cajamar.sp.gov.br\/noticias\/wp-json\/wp\/v2\/posts\/39772\/revisions\/39779"}],"wp:attachment":[{"href":"https:\/\/cajamar.sp.gov.br\/noticias\/wp-json\/wp\/v2\/media?parent=39772"}],"wp:term":[{"taxonomy":"category","embeddable":true,"href":"https:\/\/cajamar.sp.gov.br\/noticias\/wp-json\/wp\/v2\/categories?post=39772"},{"taxonomy":"post_tag","embeddable":true,"href":"https:\/\/cajamar.sp.gov.br\/noticias\/wp-json\/wp\/v2\/tags?post=39772"},{"taxonomy":"posicao","embeddable":true,"href":"https:\/\/cajamar.sp.gov.br\/noticias\/wp-json\/wp\/v2\/posicao?post=39772"}],"curies":[{"name":"wp","href":"https:\/\/api.w.org\/{rel}","templated":true}]}}