{"id":40040,"date":"2025-10-10T14:02:16","date_gmt":"2025-10-10T17:02:16","guid":{"rendered":"https:\/\/cajamar.sp.gov.br\/noticias\/?p=40040"},"modified":"2025-10-10T14:02:35","modified_gmt":"2025-10-10T17:02:35","slug":"fundo-social-promove-palestra-do-dia-mundial-da-conscientizacao-sobre-a-saude-mental","status":"publish","type":"post","link":"https:\/\/cajamar.sp.gov.br\/noticias\/2025\/10\/10\/fundo-social-promove-palestra-do-dia-mundial-da-conscientizacao-sobre-a-saude-mental\/","title":{"rendered":"Fundo Social promove palestra do Dia Mundial da Conscientiza\u00e7\u00e3o sobre a Sa\u00fade Mental"},"content":{"rendered":"\n<figure class=\"wp-block-image size-full\"><img fetchpriority=\"high\" decoding=\"async\" width=\"1200\" height=\"627\" src=\"https:\/\/cajamar.sp.gov.br\/noticias\/wp-content\/uploads\/sites\/2\/2025\/10\/site-10.png\" alt=\"\" class=\"wp-image-40041\" srcset=\"https:\/\/cajamar.sp.gov.br\/noticias\/wp-content\/uploads\/sites\/2\/2025\/10\/site-10.png 1200w, https:\/\/cajamar.sp.gov.br\/noticias\/wp-content\/uploads\/sites\/2\/2025\/10\/site-10-768x401.png 768w\" sizes=\"(max-width: 1200px) 100vw, 1200px\" \/><\/figure>\n\n\n\n<p>O Fundo Social de Solidariedade de Cajamar, em parceria com a Escola do Legislativo da C\u00e2mara Municipal, promove no dia 15 de outubro, quarta-feira, uma palestra sobre o <strong>Dia Mundial da Conscientiza\u00e7\u00e3o sobre a Sa\u00fade Mental<\/strong>, que \u00e9 celebrado nesta sexta, dia 10.<\/p>\n\n\n\n<p>Com o tema &#8220;Cuidar da mente \u00e9 cuidar da vida&#8221;, o evento gratuito ser\u00e1 conduzido pelas terapeutas Aline Brasil e Mariana Leite, do N\u00fahcleo Sintonia, na C\u00e2mara, a partir das 14h. As inscri\u00e7\u00f5es podem ser feitas pelo telefone (11) 4446-0032 ou pelo link <a href=\"https:\/\/forms.gle\/qoV1YAf5rAMsYhBn8\">https:\/\/forms.gle\/qoV1YAf5rAMsYhBn8<\/a>.<\/p>\n\n\n\n<p>O objetivo do Dia Mundial de Conscientiza\u00e7\u00e3o sobre a Sa\u00fade Mental \u00e9 ampliar o conhecimento sobre o tema e impulsionar a\u00e7\u00f5es que promovam e protejam a sa\u00fade mental de todos.<\/p>\n\n\n\n<p>\ud83d\udccd Por que participar?<\/p>\n\n\n\n<p>\u25aa\ufe0f A sa\u00fade mental \u00e9 o ponto de partida para uma vida mais equilibrada e feliz. O que voc\u00ea alimenta na sua mente floresce no seu dia a dia.<\/p>\n\n\n\n<p>\ud83d\udccd O que voc\u00ea vai encontrar nessa palestra:<\/p>\n\n\n\n<p>\u25aa\ufe0fReflex\u00f5es pr\u00e1ticas sobre corpo, mente e esp\u00edrito<\/p>\n\n\n\n<p>\u25aa\ufe0fComo pequenas escolhas di\u00e1rias transformam a sa\u00fade mental<\/p>\n\n\n\n<p>\u25aa\ufe0fO papel das terapias integrativas como complemento no cuidado integral<\/p>\n\n\n\n<p>\u25aa\ufe0fInspira\u00e7\u00f5es para viver com mais presen\u00e7a, equil\u00edbrio e amor<\/p>\n\n\n\n<p>Participe! Cuidar da sa\u00fade mental \u00e9 cuidar da vida!<\/p>\n","protected":false},"excerpt":{"rendered":"<p>Evento para estimular a\u00e7\u00f5es de conscientiza\u00e7\u00e3o e bem-estar ocorre na C\u00e2mara na pr\u00f3xima quarta<\/p>\n","protected":false},"author":5,"featured_media":0,"comment_status":"closed","ping_status":"closed","sticky":true,"template":"","format":"standard","meta":{"footnotes":""},"categories":[16,1],"tags":[],"posicao":[28],"class_list":["post-40040","post","type-post","status-publish","format-standard","hentry","category-fundo-social-cajamar","category-noticias","posicao-destaque"],"_links":{"self":[{"href":"https:\/\/cajamar.sp.gov.br\/noticias\/wp-json\/wp\/v2\/posts\/40040","targetHints":{"allow":["GET"]}}],"collection":[{"href":"https:\/\/cajamar.sp.gov.br\/noticias\/wp-json\/wp\/v2\/posts"}],"about":[{"href":"https:\/\/cajamar.sp.gov.br\/noticias\/wp-json\/wp\/v2\/types\/post"}],"author":[{"embeddable":true,"href":"https:\/\/cajamar.sp.gov.br\/noticias\/wp-json\/wp\/v2\/users\/5"}],"replies":[{"embeddable":true,"href":"https:\/\/cajamar.sp.gov.br\/noticias\/wp-json\/wp\/v2\/comments?post=40040"}],"version-history":[{"count":1,"href":"https:\/\/cajamar.sp.gov.br\/noticias\/wp-json\/wp\/v2\/posts\/40040\/revisions"}],"predecessor-version":[{"id":40042,"href":"https:\/\/cajamar.sp.gov.br\/noticias\/wp-json\/wp\/v2\/posts\/40040\/revisions\/40042"}],"wp:attachment":[{"href":"https:\/\/cajamar.sp.gov.br\/noticias\/wp-json\/wp\/v2\/media?parent=40040"}],"wp:term":[{"taxonomy":"category","embeddable":true,"href":"https:\/\/cajamar.sp.gov.br\/noticias\/wp-json\/wp\/v2\/categories?post=40040"},{"taxonomy":"post_tag","embeddable":true,"href":"https:\/\/cajamar.sp.gov.br\/noticias\/wp-json\/wp\/v2\/tags?post=40040"},{"taxonomy":"posicao","embeddable":true,"href":"https:\/\/cajamar.sp.gov.br\/noticias\/wp-json\/wp\/v2\/posicao?post=40040"}],"curies":[{"name":"wp","href":"https:\/\/api.w.org\/{rel}","templated":true}]}}