{"id":40112,"date":"2025-10-16T17:33:38","date_gmt":"2025-10-16T20:33:38","guid":{"rendered":"https:\/\/cajamar.sp.gov.br\/noticias\/?p=40112"},"modified":"2025-10-16T17:34:19","modified_gmt":"2025-10-16T20:34:19","slug":"cajamar-marca-presenca-na-feira-do-empreendedor-2025-com-destaque-para-o-protagonismo-feminino","status":"publish","type":"post","link":"https:\/\/cajamar.sp.gov.br\/noticias\/2025\/10\/16\/cajamar-marca-presenca-na-feira-do-empreendedor-2025-com-destaque-para-o-protagonismo-feminino\/","title":{"rendered":"Cajamar marca presen\u00e7a na Feira do Empreendedor 2025 com destaque para o protagonismo feminino"},"content":{"rendered":"\n<figure class=\"wp-block-image size-large\"><img fetchpriority=\"high\" decoding=\"async\" width=\"1280\" height=\"960\" src=\"https:\/\/cajamar.sp.gov.br\/noticias\/wp-content\/uploads\/sites\/2\/2025\/10\/imagem-2025-10-16t172920-737-1280x960.jpeg\" alt=\"\" class=\"wp-image-40113\" srcset=\"https:\/\/cajamar.sp.gov.br\/noticias\/wp-content\/uploads\/sites\/2\/2025\/10\/imagem-2025-10-16t172920-737-1280x960.jpeg 1280w, https:\/\/cajamar.sp.gov.br\/noticias\/wp-content\/uploads\/sites\/2\/2025\/10\/imagem-2025-10-16t172920-737-300x225.jpeg 300w, https:\/\/cajamar.sp.gov.br\/noticias\/wp-content\/uploads\/sites\/2\/2025\/10\/imagem-2025-10-16t172920-737-768x576.jpeg 768w, https:\/\/cajamar.sp.gov.br\/noticias\/wp-content\/uploads\/sites\/2\/2025\/10\/imagem-2025-10-16t172920-737-1536x1152.jpeg 1536w, https:\/\/cajamar.sp.gov.br\/noticias\/wp-content\/uploads\/sites\/2\/2025\/10\/imagem-2025-10-16t172920-737.jpeg 2048w\" sizes=\"(max-width: 1280px) 100vw, 1280px\" \/><\/figure>\n\n\n\n<p>Nesta quarta-feira, 15 de outubro, teve in\u00edcio a Feira do Empreendedor 2025, promovida pelo Sebrae-SP, no S\u00e3o Paulo Expo. A Prefeitura de Cajamar participa do evento com um estande das Secretarias de Desenvolvimento Urbano e Econ\u00f4mico e de Turismo e Cultura, apresentando o potencial econ\u00f4mico e tur\u00edstico do munic\u00edpio em um dos maiores eventos de empreendedorismo da Am\u00e9rica Latina.<\/p>\n\n\n\n<p>Com expectativa de receber mais de 110 mil visitantes e movimentar milh\u00f5es em neg\u00f3cios, a feira re\u00fane empreendedores de todo o pa\u00eds em busca de inova\u00e7\u00e3o, capacita\u00e7\u00e3o e novas conex\u00f5es. No estande de Cajamar, os visitantes encontram informa\u00e7\u00f5es sobre os atrativos do munic\u00edpio, bem como oportunidades de neg\u00f3cios e investimentos.<\/p>\n\n\n\n<p>Al\u00e9m disso, o Sebrae, por meio do escrit\u00f3rio regional que atende Cajamar, disponibilizou dois nichos exclusivos no espa\u00e7o \u201cCompre do Pequeno\u201d, onde empreendedoras locais, selecionadas por processo seletivo, est\u00e3o expondo e comercializando seus produtos. A iniciativa valoriza o empreendedorismo feminino e incentiva o fortalecimento de pequenos neg\u00f3cios, ampliando as oportunidades de visibilidade e crescimento.<\/p>\n\n\n\n<p>O primeiro dia do evento contou com a presen\u00e7a do secret\u00e1rio de Desenvolvimento Urbano e Econ\u00f4mico, Leandro Arantes, do secret\u00e1rio de Turismo e Cultura, Rodrigo Rocca, e da presidente do Fundo Social de Solidariedade, Nadja Haddad, que ministrou a palestra \u201cMulheres que transformam: Capacita\u00e7\u00e3o e caminhos para a autonomia\u201d, uma reflex\u00e3o inspiradora sobre o poder da capacita\u00e7\u00e3o e o protagonismo feminino nos neg\u00f3cios.<\/p>\n\n\n\n<p>Durante sua fala, Nadja destacou a import\u00e2ncia do trabalho do Fundo Social e das parcerias que v\u00eam promovendo a transforma\u00e7\u00e3o social no munic\u00edpio: \u201cAtrav\u00e9s de todo o amor que o Fundo Social consegue colocar em cada a\u00e7\u00e3o, promovendo programas com resultados e parcerias maravilhosas, como a parceria com o Sebrae, a gente conseguiu colocar Cajamar num patamar de respeito e dignidade, com mulheres que conquistam autonomia financeira, longe da vulnerabilidade e quebrando ciclos de viol\u00eancia dom\u00e9stica. Cajamar se compromete em mudar cada vez mais vidas, principalmente das nossas mulheres\u201d, afirmou.<\/p>\n\n\n\n<p>A Feira do Empreendedor segue at\u00e9 o dia 18 de outubro, das 10h \u00e0s 20h, no S\u00e3o Paulo Expo. O estande da Prefeitura de Cajamar est\u00e1 localizado entre os espa\u00e7os 565 e 556.<\/p>\n\n\n\n<div class=\"wp-block-group is-layout-grid wp-container-core-group-is-layout-9649a0d9 wp-block-group-is-layout-grid\">\n<figure class=\"wp-block-image size-large\"><img decoding=\"async\" width=\"1280\" height=\"960\" src=\"https:\/\/cajamar.sp.gov.br\/noticias\/wp-content\/uploads\/sites\/2\/2025\/10\/imagem-2025-10-16t172942-093-1280x960.jpeg\" alt=\"\" class=\"wp-image-40115\" srcset=\"https:\/\/cajamar.sp.gov.br\/noticias\/wp-content\/uploads\/sites\/2\/2025\/10\/imagem-2025-10-16t172942-093-1280x960.jpeg 1280w, https:\/\/cajamar.sp.gov.br\/noticias\/wp-content\/uploads\/sites\/2\/2025\/10\/imagem-2025-10-16t172942-093-300x225.jpeg 300w, https:\/\/cajamar.sp.gov.br\/noticias\/wp-content\/uploads\/sites\/2\/2025\/10\/imagem-2025-10-16t172942-093-768x576.jpeg 768w, https:\/\/cajamar.sp.gov.br\/noticias\/wp-content\/uploads\/sites\/2\/2025\/10\/imagem-2025-10-16t172942-093-1536x1152.jpeg 1536w, https:\/\/cajamar.sp.gov.br\/noticias\/wp-content\/uploads\/sites\/2\/2025\/10\/imagem-2025-10-16t172942-093.jpeg 2048w\" sizes=\"(max-width: 1280px) 100vw, 1280px\" \/><\/figure>\n\n\n\n<figure class=\"wp-block-image size-large\"><img decoding=\"async\" width=\"1280\" height=\"960\" src=\"https:\/\/cajamar.sp.gov.br\/noticias\/wp-content\/uploads\/sites\/2\/2025\/10\/imagem-2025-10-16t172939-136-1280x960.jpeg\" alt=\"\" class=\"wp-image-40116\" srcset=\"https:\/\/cajamar.sp.gov.br\/noticias\/wp-content\/uploads\/sites\/2\/2025\/10\/imagem-2025-10-16t172939-136-1280x960.jpeg 1280w, https:\/\/cajamar.sp.gov.br\/noticias\/wp-content\/uploads\/sites\/2\/2025\/10\/imagem-2025-10-16t172939-136-300x225.jpeg 300w, https:\/\/cajamar.sp.gov.br\/noticias\/wp-content\/uploads\/sites\/2\/2025\/10\/imagem-2025-10-16t172939-136-768x576.jpeg 768w, https:\/\/cajamar.sp.gov.br\/noticias\/wp-content\/uploads\/sites\/2\/2025\/10\/imagem-2025-10-16t172939-136-1536x1152.jpeg 1536w, https:\/\/cajamar.sp.gov.br\/noticias\/wp-content\/uploads\/sites\/2\/2025\/10\/imagem-2025-10-16t172939-136.jpeg 2048w\" sizes=\"(max-width: 1280px) 100vw, 1280px\" \/><\/figure>\n\n\n\n<figure class=\"wp-block-image size-large\"><img loading=\"lazy\" decoding=\"async\" width=\"1280\" height=\"960\" src=\"https:\/\/cajamar.sp.gov.br\/noticias\/wp-content\/uploads\/sites\/2\/2025\/10\/imagem-2025-10-16t172935-923-1280x960.jpeg\" alt=\"\" class=\"wp-image-40117\" srcset=\"https:\/\/cajamar.sp.gov.br\/noticias\/wp-content\/uploads\/sites\/2\/2025\/10\/imagem-2025-10-16t172935-923-1280x960.jpeg 1280w, https:\/\/cajamar.sp.gov.br\/noticias\/wp-content\/uploads\/sites\/2\/2025\/10\/imagem-2025-10-16t172935-923-300x225.jpeg 300w, https:\/\/cajamar.sp.gov.br\/noticias\/wp-content\/uploads\/sites\/2\/2025\/10\/imagem-2025-10-16t172935-923-768x576.jpeg 768w, https:\/\/cajamar.sp.gov.br\/noticias\/wp-content\/uploads\/sites\/2\/2025\/10\/imagem-2025-10-16t172935-923-1536x1152.jpeg 1536w, https:\/\/cajamar.sp.gov.br\/noticias\/wp-content\/uploads\/sites\/2\/2025\/10\/imagem-2025-10-16t172935-923.jpeg 2048w\" sizes=\"(max-width: 1280px) 100vw, 1280px\" \/><\/figure>\n\n\n\n<figure class=\"wp-block-image size-large\"><img loading=\"lazy\" decoding=\"async\" width=\"1280\" height=\"960\" src=\"https:\/\/cajamar.sp.gov.br\/noticias\/wp-content\/uploads\/sites\/2\/2025\/10\/imagem-2025-10-16t172931-358-1280x960.jpeg\" alt=\"\" class=\"wp-image-40118\" srcset=\"https:\/\/cajamar.sp.gov.br\/noticias\/wp-content\/uploads\/sites\/2\/2025\/10\/imagem-2025-10-16t172931-358-1280x960.jpeg 1280w, https:\/\/cajamar.sp.gov.br\/noticias\/wp-content\/uploads\/sites\/2\/2025\/10\/imagem-2025-10-16t172931-358-300x225.jpeg 300w, https:\/\/cajamar.sp.gov.br\/noticias\/wp-content\/uploads\/sites\/2\/2025\/10\/imagem-2025-10-16t172931-358-768x576.jpeg 768w, https:\/\/cajamar.sp.gov.br\/noticias\/wp-content\/uploads\/sites\/2\/2025\/10\/imagem-2025-10-16t172931-358-1536x1152.jpeg 1536w, https:\/\/cajamar.sp.gov.br\/noticias\/wp-content\/uploads\/sites\/2\/2025\/10\/imagem-2025-10-16t172931-358.jpeg 2048w\" sizes=\"(max-width: 1280px) 100vw, 1280px\" \/><\/figure>\n\n\n\n<figure class=\"wp-block-image size-large\"><img loading=\"lazy\" decoding=\"async\" width=\"1280\" height=\"960\" src=\"https:\/\/cajamar.sp.gov.br\/noticias\/wp-content\/uploads\/sites\/2\/2025\/10\/imagem-2025-10-16t172924-665-1280x960.jpeg\" alt=\"\" class=\"wp-image-40119\" srcset=\"https:\/\/cajamar.sp.gov.br\/noticias\/wp-content\/uploads\/sites\/2\/2025\/10\/imagem-2025-10-16t172924-665-1280x960.jpeg 1280w, https:\/\/cajamar.sp.gov.br\/noticias\/wp-content\/uploads\/sites\/2\/2025\/10\/imagem-2025-10-16t172924-665-300x225.jpeg 300w, https:\/\/cajamar.sp.gov.br\/noticias\/wp-content\/uploads\/sites\/2\/2025\/10\/imagem-2025-10-16t172924-665-768x576.jpeg 768w, https:\/\/cajamar.sp.gov.br\/noticias\/wp-content\/uploads\/sites\/2\/2025\/10\/imagem-2025-10-16t172924-665-1536x1152.jpeg 1536w, https:\/\/cajamar.sp.gov.br\/noticias\/wp-content\/uploads\/sites\/2\/2025\/10\/imagem-2025-10-16t172924-665.jpeg 2048w\" sizes=\"(max-width: 1280px) 100vw, 1280px\" \/><\/figure>\n\n\n\n<figure class=\"wp-block-image size-large\"><img loading=\"lazy\" decoding=\"async\" width=\"1280\" height=\"960\" src=\"https:\/\/cajamar.sp.gov.br\/noticias\/wp-content\/uploads\/sites\/2\/2025\/10\/imagem-2025-10-16t172917-920-1280x960.jpeg\" alt=\"\" class=\"wp-image-40120\" srcset=\"https:\/\/cajamar.sp.gov.br\/noticias\/wp-content\/uploads\/sites\/2\/2025\/10\/imagem-2025-10-16t172917-920-1280x960.jpeg 1280w, https:\/\/cajamar.sp.gov.br\/noticias\/wp-content\/uploads\/sites\/2\/2025\/10\/imagem-2025-10-16t172917-920-300x225.jpeg 300w, https:\/\/cajamar.sp.gov.br\/noticias\/wp-content\/uploads\/sites\/2\/2025\/10\/imagem-2025-10-16t172917-920-768x576.jpeg 768w, https:\/\/cajamar.sp.gov.br\/noticias\/wp-content\/uploads\/sites\/2\/2025\/10\/imagem-2025-10-16t172917-920-1536x1152.jpeg 1536w, https:\/\/cajamar.sp.gov.br\/noticias\/wp-content\/uploads\/sites\/2\/2025\/10\/imagem-2025-10-16t172917-920.jpeg 2048w\" sizes=\"(max-width: 1280px) 100vw, 1280px\" \/><\/figure>\n<\/div>\n","protected":false},"excerpt":{"rendered":"<p>Evento promovido pelo Sebrae-SP re\u00fane milhares de visitantes no S\u00e3o Paulo Expo e segue at\u00e9 o dia 18 de outubro com a participa\u00e7\u00e3o da Prefeitura de Cajamar<\/p>\n","protected":false},"author":11,"featured_media":0,"comment_status":"closed","ping_status":"closed","sticky":true,"template":"","format":"standard","meta":{"footnotes":""},"categories":[12,1,38,1429],"tags":[],"posicao":[28],"class_list":["post-40112","post","type-post","status-publish","format-standard","hentry","category-cultura","category-noticias","category-desenvolvimento-urbano-e-economico","category-turismo","posicao-destaque"],"_links":{"self":[{"href":"https:\/\/cajamar.sp.gov.br\/noticias\/wp-json\/wp\/v2\/posts\/40112","targetHints":{"allow":["GET"]}}],"collection":[{"href":"https:\/\/cajamar.sp.gov.br\/noticias\/wp-json\/wp\/v2\/posts"}],"about":[{"href":"https:\/\/cajamar.sp.gov.br\/noticias\/wp-json\/wp\/v2\/types\/post"}],"author":[{"embeddable":true,"href":"https:\/\/cajamar.sp.gov.br\/noticias\/wp-json\/wp\/v2\/users\/11"}],"replies":[{"embeddable":true,"href":"https:\/\/cajamar.sp.gov.br\/noticias\/wp-json\/wp\/v2\/comments?post=40112"}],"version-history":[{"count":2,"href":"https:\/\/cajamar.sp.gov.br\/noticias\/wp-json\/wp\/v2\/posts\/40112\/revisions"}],"predecessor-version":[{"id":40122,"href":"https:\/\/cajamar.sp.gov.br\/noticias\/wp-json\/wp\/v2\/posts\/40112\/revisions\/40122"}],"wp:attachment":[{"href":"https:\/\/cajamar.sp.gov.br\/noticias\/wp-json\/wp\/v2\/media?parent=40112"}],"wp:term":[{"taxonomy":"category","embeddable":true,"href":"https:\/\/cajamar.sp.gov.br\/noticias\/wp-json\/wp\/v2\/categories?post=40112"},{"taxonomy":"post_tag","embeddable":true,"href":"https:\/\/cajamar.sp.gov.br\/noticias\/wp-json\/wp\/v2\/tags?post=40112"},{"taxonomy":"posicao","embeddable":true,"href":"https:\/\/cajamar.sp.gov.br\/noticias\/wp-json\/wp\/v2\/posicao?post=40112"}],"curies":[{"name":"wp","href":"https:\/\/api.w.org\/{rel}","templated":true}]}}