{"id":40606,"date":"2025-12-03T12:03:14","date_gmt":"2025-12-03T15:03:14","guid":{"rendered":"https:\/\/cajamar.sp.gov.br\/noticias\/?p=40606"},"modified":"2025-12-03T12:04:23","modified_gmt":"2025-12-03T15:04:23","slug":"cajamar-recebe-carreta-escola-para-curso-gratuito-de-banho-e-tosa","status":"publish","type":"post","link":"https:\/\/cajamar.sp.gov.br\/noticias\/2025\/12\/03\/cajamar-recebe-carreta-escola-para-curso-gratuito-de-banho-e-tosa\/","title":{"rendered":"Cajamar recebe Carreta-Escola para curso gratuito de Banho e Tosa"},"content":{"rendered":"\n<figure class=\"wp-block-gallery has-nested-images columns-default is-cropped wp-block-gallery-1 is-layout-flex wp-block-gallery-is-layout-flex\">\n<figure class=\"wp-block-image size-large\"><img fetchpriority=\"high\" decoding=\"async\" width=\"1079\" height=\"741\" data-id=\"40607\" src=\"https:\/\/cajamar.sp.gov.br\/noticias\/wp-content\/uploads\/sites\/2\/2025\/12\/whatsapp-image-2025-12-03-at-12-01-33.jpeg\" alt=\"\" class=\"wp-image-40607\" srcset=\"https:\/\/cajamar.sp.gov.br\/noticias\/wp-content\/uploads\/sites\/2\/2025\/12\/whatsapp-image-2025-12-03-at-12-01-33.jpeg 1079w, https:\/\/cajamar.sp.gov.br\/noticias\/wp-content\/uploads\/sites\/2\/2025\/12\/whatsapp-image-2025-12-03-at-12-01-33-768x527.jpeg 768w\" sizes=\"(max-width: 1079px) 100vw, 1079px\" \/><\/figure>\n<\/figure>\n\n\n\n<p>O Fundo Social de Solidariedade de Cajamar, em parceria com o Fundo Social de S\u00e3o Paulo, traz para o munic\u00edpio a Carreta-Escola do curso de Banho e Tosa, oferecido pelo programa Caminho da Capacita\u00e7\u00e3o, que estar\u00e1 dispon\u00edvel entre os dias 8 e 19 de dezembro.<\/p>\n\n\n\n<p>Ser\u00e3o oferecidas aulas pr\u00e1ticas e te\u00f3ricas voltadas ao atendimento de c\u00e3es e gatos, de pequeno e m\u00e9dio porte, proporcionando qualifica\u00e7\u00e3o profissional para quem deseja ingressar ou se aperfei\u00e7oar na \u00e1rea pet.<\/p>\n\n\n\n<p>As inscri\u00e7\u00f5es est\u00e3o abertas at\u00e9 5 de dezembro e podem ser feitas pelo formul\u00e1rio online <a href=\"https:\/\/www.cursofussp.sp.gov.br\/\">https:\/\/www.cursofussp.sp.gov.br\/<\/a> . O curso contar\u00e1 com tr\u00eas per\u00edodos, cada um com 15 vagas, totalizando 45 oportunidades de capacita\u00e7\u00e3o. Confira os hor\u00e1rios:<\/p>\n\n\n\n<p><strong>Pequeno Porte<\/strong><\/p>\n\n\n\n<ul class=\"wp-block-list\">\n<li>Per\u00edodo da manh\u00e3: 08h \u00e0s 12h<\/li>\n\n\n\n<li>Per\u00edodo da tarde: 13h \u00e0s 17h<\/li>\n<\/ul>\n\n\n\n<p><strong>M\u00e9dio Porte<\/strong><\/p>\n\n\n\n<ul class=\"wp-block-list\">\n<li>Per\u00edodo noturno: 18h \u00e0s 22h<\/li>\n<\/ul>\n\n\n\n<p>As aulas acontecer\u00e3o de segunda a sexta-feira, durante duas semanas, na Carreta-Escola estacionada na Rua Creusa Ferreira de Ara\u00fajo, n\u00ba 120 \u2013 Bela Vista, em frente ao Gin\u00e1sio do Polvilho.<\/p>\n\n\n\n<p><strong>SOBRE O PROGRAMA<\/strong><\/p>\n\n\n\n<p>O Caminho da Capacita\u00e7\u00e3o \u00e9 uma iniciativa do Fundo Social de S\u00e3o Paulo, integrada ao Supera\u00e7\u00e3o SP, programa do Governo do Estado que tem como meta retirar mais de 100 mil fam\u00edlias da linha da pobreza at\u00e9 2026.<\/p>\n\n\n\n<p>Com uma estrutura formada por mais de 30 carretas itinerantes e a oferta de cerca de 40 cursos gratuitos, o projeto leva qualifica\u00e7\u00e3o profissional a diferentes regi\u00f5es do estado. Todas as forma\u00e7\u00f5es s\u00e3o ministradas por especialistas do Centro Paula Souza, garantindo certifica\u00e7\u00e3o oficial.<\/p>\n\n\n\n<p>Mais informa\u00e7\u00f5es sobre cursos e cronogramas est\u00e3o dispon\u00edveis no site oficial: <a href=\"https:\/\/www.caminhodacapacitacao.sp.gov.br\">https:\/\/www.caminhodacapacitacao.sp.gov.br<\/a> .<\/p>\n","protected":false},"excerpt":{"rendered":"<p>Iniciativa do Fundo Social de S\u00e3o Paulo oferece qualifica\u00e7\u00e3o profissional, gera\u00e7\u00e3o de renda e autonomia financeira para pessoas em situa\u00e7\u00e3o de vulnerabilidade social<\/p>\n","protected":false},"author":11,"featured_media":0,"comment_status":"closed","ping_status":"closed","sticky":true,"template":"","format":"standard","meta":{"footnotes":""},"categories":[16,1],"tags":[],"posicao":[28],"class_list":["post-40606","post","type-post","status-publish","format-standard","hentry","category-fundo-social-cajamar","category-noticias","posicao-destaque"],"_links":{"self":[{"href":"https:\/\/cajamar.sp.gov.br\/noticias\/wp-json\/wp\/v2\/posts\/40606","targetHints":{"allow":["GET"]}}],"collection":[{"href":"https:\/\/cajamar.sp.gov.br\/noticias\/wp-json\/wp\/v2\/posts"}],"about":[{"href":"https:\/\/cajamar.sp.gov.br\/noticias\/wp-json\/wp\/v2\/types\/post"}],"author":[{"embeddable":true,"href":"https:\/\/cajamar.sp.gov.br\/noticias\/wp-json\/wp\/v2\/users\/11"}],"replies":[{"embeddable":true,"href":"https:\/\/cajamar.sp.gov.br\/noticias\/wp-json\/wp\/v2\/comments?post=40606"}],"version-history":[{"count":1,"href":"https:\/\/cajamar.sp.gov.br\/noticias\/wp-json\/wp\/v2\/posts\/40606\/revisions"}],"predecessor-version":[{"id":40608,"href":"https:\/\/cajamar.sp.gov.br\/noticias\/wp-json\/wp\/v2\/posts\/40606\/revisions\/40608"}],"wp:attachment":[{"href":"https:\/\/cajamar.sp.gov.br\/noticias\/wp-json\/wp\/v2\/media?parent=40606"}],"wp:term":[{"taxonomy":"category","embeddable":true,"href":"https:\/\/cajamar.sp.gov.br\/noticias\/wp-json\/wp\/v2\/categories?post=40606"},{"taxonomy":"post_tag","embeddable":true,"href":"https:\/\/cajamar.sp.gov.br\/noticias\/wp-json\/wp\/v2\/tags?post=40606"},{"taxonomy":"posicao","embeddable":true,"href":"https:\/\/cajamar.sp.gov.br\/noticias\/wp-json\/wp\/v2\/posicao?post=40606"}],"curies":[{"name":"wp","href":"https:\/\/api.w.org\/{rel}","templated":true}]}}