{"id":40689,"date":"2025-12-09T16:57:13","date_gmt":"2025-12-09T19:57:13","guid":{"rendered":"https:\/\/cajamar.sp.gov.br\/noticias\/?p=40689"},"modified":"2025-12-09T16:57:52","modified_gmt":"2025-12-09T19:57:52","slug":"elo-verde-informa-o-cronograma-especial-de-fim-de-ano","status":"publish","type":"post","link":"https:\/\/cajamar.sp.gov.br\/noticias\/2025\/12\/09\/elo-verde-informa-o-cronograma-especial-de-fim-de-ano\/","title":{"rendered":"Elo Verde informa o cronograma especial de fim de ano"},"content":{"rendered":"\n<figure class=\"wp-block-image size-full\"><img fetchpriority=\"high\" decoding=\"async\" width=\"1200\" height=\"624\" src=\"https:\/\/cajamar.sp.gov.br\/noticias\/wp-content\/uploads\/sites\/2\/2025\/12\/site-programac387c383o-de-fim-de-ano-elo-verde.png\" alt=\"\" class=\"wp-image-40690\" srcset=\"https:\/\/cajamar.sp.gov.br\/noticias\/wp-content\/uploads\/sites\/2\/2025\/12\/site-programac387c383o-de-fim-de-ano-elo-verde.png 1200w, https:\/\/cajamar.sp.gov.br\/noticias\/wp-content\/uploads\/sites\/2\/2025\/12\/site-programac387c383o-de-fim-de-ano-elo-verde-768x399.png 768w\" sizes=\"(max-width: 1200px) 100vw, 1200px\" \/><\/figure>\n\n\n\n<p>O Programa Elo Verde divulga o cronograma especial de fim de ano para coleta e troca de materiais recicl\u00e1veis. As datas foram organizadas para orientar a popula\u00e7\u00e3o durante o per\u00edodo de recesso e f\u00e9rias escolares.<\/p>\n\n\n\n<p><strong>Trocas do Programa Elo Verde<\/strong><\/p>\n\n\n\n<p>As trocas de materiais estar\u00e3o dispon\u00edveis at\u00e9 o dia 18 de dezembro. As atividades retornam normalmente no dia 8 de janeiro.<\/p>\n\n\n\n<p><strong>Escolas Municipais<\/strong><\/p>\n\n\n\n<p>As escolas cadastradas ir\u00e3o receber o material recicl\u00e1vel at\u00e9 o dia 12 de dezembro. O retorno das atividades est\u00e1 previsto para o dia 9 de fevereiro.<\/p>\n\n\n\n<p><strong>Cooperativa de Reciclagem<\/strong><\/p>\n\n\n\n<p>A cooperativa receber\u00e1 materiais at\u00e9 o dia 23 de dezembro, retomando o recebimento no dia 5 de janeiro.<\/p>\n\n\n\n<p>De forma excepcional, a cooperativa tamb\u00e9m estar\u00e1 aberta para receber materiais nos dias 29 e 30 de dezembro, garantindo uma op\u00e7\u00e3o extra para os mun\u00edcipes que desejarem realizar suas entregas antes do t\u00e9rmino do ano.<\/p>\n\n\n\n<p>O Programa Elo Verde agradece a colabora\u00e7\u00e3o e o compromisso de todos com as a\u00e7\u00f5es de reciclagem e sustentabilidade.<\/p>\n\n\n\n<p><\/p>\n","protected":false},"excerpt":{"rendered":"<p>Confira as datas de coleta e troca de materiais recicl\u00e1veis durante o recesso e organize suas entregas com anteced\u00eancia<\/p>\n","protected":false},"author":11,"featured_media":0,"comment_status":"closed","ping_status":"closed","sticky":true,"template":"","format":"standard","meta":{"footnotes":""},"categories":[1,56],"tags":[],"posicao":[28],"class_list":["post-40689","post","type-post","status-publish","format-standard","hentry","category-noticias","category-secretaria-meio-ambiente","posicao-destaque"],"_links":{"self":[{"href":"https:\/\/cajamar.sp.gov.br\/noticias\/wp-json\/wp\/v2\/posts\/40689","targetHints":{"allow":["GET"]}}],"collection":[{"href":"https:\/\/cajamar.sp.gov.br\/noticias\/wp-json\/wp\/v2\/posts"}],"about":[{"href":"https:\/\/cajamar.sp.gov.br\/noticias\/wp-json\/wp\/v2\/types\/post"}],"author":[{"embeddable":true,"href":"https:\/\/cajamar.sp.gov.br\/noticias\/wp-json\/wp\/v2\/users\/11"}],"replies":[{"embeddable":true,"href":"https:\/\/cajamar.sp.gov.br\/noticias\/wp-json\/wp\/v2\/comments?post=40689"}],"version-history":[{"count":1,"href":"https:\/\/cajamar.sp.gov.br\/noticias\/wp-json\/wp\/v2\/posts\/40689\/revisions"}],"predecessor-version":[{"id":40691,"href":"https:\/\/cajamar.sp.gov.br\/noticias\/wp-json\/wp\/v2\/posts\/40689\/revisions\/40691"}],"wp:attachment":[{"href":"https:\/\/cajamar.sp.gov.br\/noticias\/wp-json\/wp\/v2\/media?parent=40689"}],"wp:term":[{"taxonomy":"category","embeddable":true,"href":"https:\/\/cajamar.sp.gov.br\/noticias\/wp-json\/wp\/v2\/categories?post=40689"},{"taxonomy":"post_tag","embeddable":true,"href":"https:\/\/cajamar.sp.gov.br\/noticias\/wp-json\/wp\/v2\/tags?post=40689"},{"taxonomy":"posicao","embeddable":true,"href":"https:\/\/cajamar.sp.gov.br\/noticias\/wp-json\/wp\/v2\/posicao?post=40689"}],"curies":[{"name":"wp","href":"https:\/\/api.w.org\/{rel}","templated":true}]}}