{"id":40924,"date":"2025-12-28T13:00:00","date_gmt":"2025-12-28T16:00:00","guid":{"rendered":"https:\/\/cajamar.sp.gov.br\/noticias\/?p=40924"},"modified":"2025-12-29T09:01:27","modified_gmt":"2025-12-29T12:01:27","slug":"complexo-de-saude-de-cajamar-completa-um-ano-ampliando-o-acesso-e-a-qualidade-dos-atendimentos-no-municipio","status":"publish","type":"post","link":"https:\/\/cajamar.sp.gov.br\/noticias\/2025\/12\/28\/complexo-de-saude-de-cajamar-completa-um-ano-ampliando-o-acesso-e-a-qualidade-dos-atendimentos-no-municipio\/","title":{"rendered":"Complexo de Sa\u00fade de Cajamar completa um ano ampliando o acesso e a qualidade dos atendimentos no munic\u00edpio"},"content":{"rendered":"\n<figure class=\"wp-block-image size-large\"><img fetchpriority=\"high\" decoding=\"async\" width=\"1280\" height=\"853\" src=\"https:\/\/cajamar.sp.gov.br\/noticias\/wp-content\/uploads\/sites\/2\/2025\/12\/01-17-1280x853.jpg\" alt=\"\" class=\"wp-image-40925\" srcset=\"https:\/\/cajamar.sp.gov.br\/noticias\/wp-content\/uploads\/sites\/2\/2025\/12\/01-17-1280x853.jpg 1280w, https:\/\/cajamar.sp.gov.br\/noticias\/wp-content\/uploads\/sites\/2\/2025\/12\/01-17-768x512.jpg 768w, https:\/\/cajamar.sp.gov.br\/noticias\/wp-content\/uploads\/sites\/2\/2025\/12\/01-17-1536x1024.jpg 1536w, https:\/\/cajamar.sp.gov.br\/noticias\/wp-content\/uploads\/sites\/2\/2025\/12\/01-17.jpg 2048w\" sizes=\"(max-width: 1280px) 100vw, 1280px\" \/><\/figure>\n\n\n\n<p>O Complexo de Sa\u00fade de Cajamar completa, no dia 28 de dezembro, um ano de funcionamento, consolidando-se como um dos principais avan\u00e7os da sa\u00fade p\u00fablica no munic\u00edpio. O espa\u00e7o, que antes abrigava uma obra paralisada, hoje representa um importante centro de atendimento, cuidado e acolhimento \u00e0 popula\u00e7\u00e3o cajamarense.<\/p>\n\n\n\n<p>Desde o in\u00edcio de suas atividades, o Complexo passou a oferecer servi\u00e7os que antes n\u00e3o estavam dispon\u00edveis na cidade, ampliando o acesso da popula\u00e7\u00e3o a atendimentos especializados. Entre os destaques est\u00e1 a implanta\u00e7\u00e3o da hemodi\u00e1lise, que possibilitou que pacientes deixassem de se deslocar para outros munic\u00edpios, garantindo mais conforto, seguran\u00e7a e qualidade de vida durante o tratamento.<\/p>\n\n\n\n<p>Ao longo de 2024, o equipamento tamb\u00e9m registrou n\u00fameros expressivos de atendimentos, refletindo o impacto direto do servi\u00e7o na vida da popula\u00e7\u00e3o. Foram realizados 1.576 exames de resson\u00e2ncia magn\u00e9tica, 2.539 mamografias, 27.452 ultrassonografias, al\u00e9m de 10.836 sess\u00f5es de fisioterapia. No mesmo per\u00edodo, o Complexo contabilizou 6.048 sess\u00f5es de hemodi\u00e1lise e a entrega de 691 moldagens e 330 pr\u00f3teses dent\u00e1rias.<\/p>\n\n\n\n<p>Em dezembro, os atendimentos foram ampliados com o in\u00edcio do funcionamento da c\u00e2mara hiperb\u00e1rica, uma tecnologia de alta complexidade que passou a integrar a rede municipal de sa\u00fade, oferecendo novas possibilidades de tratamento e recupera\u00e7\u00e3o aos pacientes.<\/p>\n\n\n\n<p>Mais do que n\u00fameros, o primeiro ano do Complexo de Sa\u00fade de Cajamar representa a amplia\u00e7\u00e3o do cuidado, da agilidade no atendimento e da proximidade dos servi\u00e7os de sa\u00fade com a popula\u00e7\u00e3o, fortalecendo a rede municipal e garantindo mais dignidade aos moradores.<\/p>\n\n\n\n<div class=\"wp-block-group is-layout-grid wp-container-core-group-is-layout-9649a0d9 wp-block-group-is-layout-grid\">\n<figure class=\"wp-block-image size-large\"><img decoding=\"async\" width=\"1280\" height=\"914\" src=\"https:\/\/cajamar.sp.gov.br\/noticias\/wp-content\/uploads\/sites\/2\/2025\/12\/hemodialise-1280x914.jpg\" alt=\"\" class=\"wp-image-40926\" srcset=\"https:\/\/cajamar.sp.gov.br\/noticias\/wp-content\/uploads\/sites\/2\/2025\/12\/hemodialise-1280x914.jpg 1280w, https:\/\/cajamar.sp.gov.br\/noticias\/wp-content\/uploads\/sites\/2\/2025\/12\/hemodialise-768x549.jpg 768w, https:\/\/cajamar.sp.gov.br\/noticias\/wp-content\/uploads\/sites\/2\/2025\/12\/hemodialise-1536x1097.jpg 1536w, https:\/\/cajamar.sp.gov.br\/noticias\/wp-content\/uploads\/sites\/2\/2025\/12\/hemodialise.jpg 2048w\" sizes=\"(max-width: 1280px) 100vw, 1280px\" \/><\/figure>\n\n\n\n<figure class=\"wp-block-image size-large\"><img decoding=\"async\" width=\"1280\" height=\"914\" src=\"https:\/\/cajamar.sp.gov.br\/noticias\/wp-content\/uploads\/sites\/2\/2025\/12\/ressonancia-magnetica-1280x914.jpg\" alt=\"\" class=\"wp-image-40927\" srcset=\"https:\/\/cajamar.sp.gov.br\/noticias\/wp-content\/uploads\/sites\/2\/2025\/12\/ressonancia-magnetica-1280x914.jpg 1280w, https:\/\/cajamar.sp.gov.br\/noticias\/wp-content\/uploads\/sites\/2\/2025\/12\/ressonancia-magnetica-768x549.jpg 768w, https:\/\/cajamar.sp.gov.br\/noticias\/wp-content\/uploads\/sites\/2\/2025\/12\/ressonancia-magnetica-1536x1097.jpg 1536w, https:\/\/cajamar.sp.gov.br\/noticias\/wp-content\/uploads\/sites\/2\/2025\/12\/ressonancia-magnetica.jpg 2048w\" sizes=\"(max-width: 1280px) 100vw, 1280px\" \/><\/figure>\n\n\n\n<figure class=\"wp-block-image size-large\"><img loading=\"lazy\" decoding=\"async\" width=\"1280\" height=\"914\" src=\"https:\/\/cajamar.sp.gov.br\/noticias\/wp-content\/uploads\/sites\/2\/2025\/12\/ultrassonografia-24hrs-para-gestante-1280x914.jpg\" alt=\"\" class=\"wp-image-40928\" srcset=\"https:\/\/cajamar.sp.gov.br\/noticias\/wp-content\/uploads\/sites\/2\/2025\/12\/ultrassonografia-24hrs-para-gestante-1280x914.jpg 1280w, https:\/\/cajamar.sp.gov.br\/noticias\/wp-content\/uploads\/sites\/2\/2025\/12\/ultrassonografia-24hrs-para-gestante-768x549.jpg 768w, https:\/\/cajamar.sp.gov.br\/noticias\/wp-content\/uploads\/sites\/2\/2025\/12\/ultrassonografia-24hrs-para-gestante-1536x1097.jpg 1536w, https:\/\/cajamar.sp.gov.br\/noticias\/wp-content\/uploads\/sites\/2\/2025\/12\/ultrassonografia-24hrs-para-gestante.jpg 2048w\" sizes=\"(max-width: 1280px) 100vw, 1280px\" \/><\/figure>\n\n\n\n<figure class=\"wp-block-image size-large\"><img loading=\"lazy\" decoding=\"async\" width=\"1280\" height=\"914\" src=\"https:\/\/cajamar.sp.gov.br\/noticias\/wp-content\/uploads\/sites\/2\/2025\/12\/mamografia-1280x914.jpg\" alt=\"\" class=\"wp-image-40929\" srcset=\"https:\/\/cajamar.sp.gov.br\/noticias\/wp-content\/uploads\/sites\/2\/2025\/12\/mamografia-1280x914.jpg 1280w, https:\/\/cajamar.sp.gov.br\/noticias\/wp-content\/uploads\/sites\/2\/2025\/12\/mamografia-768x549.jpg 768w, https:\/\/cajamar.sp.gov.br\/noticias\/wp-content\/uploads\/sites\/2\/2025\/12\/mamografia-1536x1097.jpg 1536w, https:\/\/cajamar.sp.gov.br\/noticias\/wp-content\/uploads\/sites\/2\/2025\/12\/mamografia.jpg 2048w\" sizes=\"(max-width: 1280px) 100vw, 1280px\" \/><\/figure>\n\n\n\n<figure class=\"wp-block-image size-large\"><img loading=\"lazy\" decoding=\"async\" width=\"1280\" height=\"914\" src=\"https:\/\/cajamar.sp.gov.br\/noticias\/wp-content\/uploads\/sites\/2\/2025\/12\/protese-dentaria-1280x914.jpg\" alt=\"\" class=\"wp-image-40930\" srcset=\"https:\/\/cajamar.sp.gov.br\/noticias\/wp-content\/uploads\/sites\/2\/2025\/12\/protese-dentaria-1280x914.jpg 1280w, https:\/\/cajamar.sp.gov.br\/noticias\/wp-content\/uploads\/sites\/2\/2025\/12\/protese-dentaria-768x549.jpg 768w, https:\/\/cajamar.sp.gov.br\/noticias\/wp-content\/uploads\/sites\/2\/2025\/12\/protese-dentaria-1536x1097.jpg 1536w, https:\/\/cajamar.sp.gov.br\/noticias\/wp-content\/uploads\/sites\/2\/2025\/12\/protese-dentaria.jpg 2048w\" sizes=\"(max-width: 1280px) 100vw, 1280px\" \/><\/figure>\n\n\n\n<figure class=\"wp-block-image size-large\"><img loading=\"lazy\" decoding=\"async\" width=\"1280\" height=\"853\" src=\"https:\/\/cajamar.sp.gov.br\/noticias\/wp-content\/uploads\/sites\/2\/2025\/12\/img-20251219-wa0008-2-1280x853.jpg\" alt=\"\" class=\"wp-image-40931\" srcset=\"https:\/\/cajamar.sp.gov.br\/noticias\/wp-content\/uploads\/sites\/2\/2025\/12\/img-20251219-wa0008-2-1280x853.jpg 1280w, https:\/\/cajamar.sp.gov.br\/noticias\/wp-content\/uploads\/sites\/2\/2025\/12\/img-20251219-wa0008-2-768x512.jpg 768w, https:\/\/cajamar.sp.gov.br\/noticias\/wp-content\/uploads\/sites\/2\/2025\/12\/img-20251219-wa0008-2-1536x1024.jpg 1536w, https:\/\/cajamar.sp.gov.br\/noticias\/wp-content\/uploads\/sites\/2\/2025\/12\/img-20251219-wa0008-2.jpg 1548w\" sizes=\"(max-width: 1280px) 100vw, 1280px\" \/><\/figure>\n<\/div>\n","protected":false},"excerpt":{"rendered":"<p>Unidade marca a transforma\u00e7\u00e3o de uma obra parada em um dos principais equipamentos de sa\u00fade p\u00fablica da cidade, com servi\u00e7os in\u00e9ditos e milhares de atendimentos realizados<\/p>\n","protected":false},"author":11,"featured_media":0,"comment_status":"closed","ping_status":"closed","sticky":true,"template":"","format":"standard","meta":{"footnotes":""},"categories":[2],"tags":[],"posicao":[28],"class_list":["post-40924","post","type-post","status-publish","format-standard","hentry","category-saude","posicao-destaque"],"_links":{"self":[{"href":"https:\/\/cajamar.sp.gov.br\/noticias\/wp-json\/wp\/v2\/posts\/40924","targetHints":{"allow":["GET"]}}],"collection":[{"href":"https:\/\/cajamar.sp.gov.br\/noticias\/wp-json\/wp\/v2\/posts"}],"about":[{"href":"https:\/\/cajamar.sp.gov.br\/noticias\/wp-json\/wp\/v2\/types\/post"}],"author":[{"embeddable":true,"href":"https:\/\/cajamar.sp.gov.br\/noticias\/wp-json\/wp\/v2\/users\/11"}],"replies":[{"embeddable":true,"href":"https:\/\/cajamar.sp.gov.br\/noticias\/wp-json\/wp\/v2\/comments?post=40924"}],"version-history":[{"count":1,"href":"https:\/\/cajamar.sp.gov.br\/noticias\/wp-json\/wp\/v2\/posts\/40924\/revisions"}],"predecessor-version":[{"id":40932,"href":"https:\/\/cajamar.sp.gov.br\/noticias\/wp-json\/wp\/v2\/posts\/40924\/revisions\/40932"}],"wp:attachment":[{"href":"https:\/\/cajamar.sp.gov.br\/noticias\/wp-json\/wp\/v2\/media?parent=40924"}],"wp:term":[{"taxonomy":"category","embeddable":true,"href":"https:\/\/cajamar.sp.gov.br\/noticias\/wp-json\/wp\/v2\/categories?post=40924"},{"taxonomy":"post_tag","embeddable":true,"href":"https:\/\/cajamar.sp.gov.br\/noticias\/wp-json\/wp\/v2\/tags?post=40924"},{"taxonomy":"posicao","embeddable":true,"href":"https:\/\/cajamar.sp.gov.br\/noticias\/wp-json\/wp\/v2\/posicao?post=40924"}],"curies":[{"name":"wp","href":"https:\/\/api.w.org\/{rel}","templated":true}]}}