{"id":40988,"date":"2026-01-12T10:00:00","date_gmt":"2026-01-12T13:00:00","guid":{"rendered":"https:\/\/cajamar.sp.gov.br\/noticias\/?p=40988"},"modified":"2026-01-12T12:39:11","modified_gmt":"2026-01-12T15:39:11","slug":"operacao-cajamar-fim-de-ano-reforca-seguranca-e-registra-saldo-positivo-em-dezembro-e-inicio-de-janeiro","status":"publish","type":"post","link":"https:\/\/cajamar.sp.gov.br\/noticias\/2026\/01\/12\/operacao-cajamar-fim-de-ano-reforca-seguranca-e-registra-saldo-positivo-em-dezembro-e-inicio-de-janeiro\/","title":{"rendered":"Opera\u00e7\u00e3o Cajamar Fim de Ano refor\u00e7a seguran\u00e7a e registra saldo positivo em dezembro e in\u00edcio de janeiro"},"content":{"rendered":"\n<figure class=\"wp-block-image size-full\"><img fetchpriority=\"high\" decoding=\"async\" width=\"1080\" height=\"578\" src=\"https:\/\/cajamar.sp.gov.br\/noticias\/wp-content\/uploads\/sites\/2\/2026\/01\/whatsapp-image-2026-01-12-at-12-36-03.jpeg\" alt=\"\" class=\"wp-image-40989\" srcset=\"https:\/\/cajamar.sp.gov.br\/noticias\/wp-content\/uploads\/sites\/2\/2026\/01\/whatsapp-image-2026-01-12-at-12-36-03.jpeg 1080w, https:\/\/cajamar.sp.gov.br\/noticias\/wp-content\/uploads\/sites\/2\/2026\/01\/whatsapp-image-2026-01-12-at-12-36-03-768x411.jpeg 768w\" sizes=\"(max-width: 1080px) 100vw, 1080px\" \/><\/figure>\n\n\n\n<p>A Prefeitura de Cajamar, por meio da <strong>Secretaria de Seguran\u00e7a, Defesa e Mobilidade<\/strong>, apresentou um saldo positivo das a\u00e7\u00f5es desenvolvidas durante a <strong>Opera\u00e7\u00e3o Cajamar Fim de Ano<\/strong>, realizada entre os dias <strong>10 de dezembro de 2025 e 5 de janeiro de 2026<\/strong>. O per\u00edodo contou com atua\u00e7\u00e3o intensificada das equipes da Guarda Civil Municipal, fiscaliza\u00e7\u00e3o refor\u00e7ada e uso estrat\u00e9gico da tecnologia para garantir mais seguran\u00e7a \u00e0 popula\u00e7\u00e3o durante as festas de fim de ano.<\/p>\n\n\n\n<p>Durante a opera\u00e7\u00e3o, foram <strong>540 ve\u00edculos e 768 motocicletas fiscalizados<\/strong>, al\u00e9m de <strong>1.618 pessoas abordadas<\/strong> em a\u00e7\u00f5es preventivas realizadas em diferentes regi\u00f5es do munic\u00edpio. Como resultado das fiscaliza\u00e7\u00f5es, <strong>38 ve\u00edculos e 48 motocicletas irregulares foram apreendidos<\/strong>, contribuindo diretamente para a organiza\u00e7\u00e3o do tr\u00e2nsito e a redu\u00e7\u00e3o de riscos \u00e0 popula\u00e7\u00e3o.<\/p>\n\n\n\n<p>O combate \u00e0 criminalidade tamb\u00e9m apresentou n\u00fameros expressivos. Ao todo, foram <strong>57 flagrantes registrados<\/strong>, com a <strong>apreens\u00e3o de 17.236 por\u00e7\u00f5es de drogas<\/strong>, al\u00e9m da retirada de circula\u00e7\u00e3o de <strong>celulares provenientes de a\u00e7\u00f5es criminosas<\/strong>. As equipes tamb\u00e9m atenderam <strong>180 ocorr\u00eancias relacionadas \u00e0 perturba\u00e7\u00e3o do sossego<\/strong>, garantindo mais tranquilidade aos moradores durante o per\u00edodo de maior movimenta\u00e7\u00e3o na cidade.<\/p>\n\n\n\n<p>Grande parte desses resultados contou com o suporte do <strong>Smart Cajamar<\/strong>, sistema de monitoramento por c\u00e2meras inteligentes que vem elevando o n\u00edvel de seguran\u00e7a no munic\u00edpio. A tecnologia permite a identifica\u00e7\u00e3o r\u00e1pida de ve\u00edculos roubados, motos irregulares e pessoas procuradas pela Justi\u00e7a, possibilitando respostas mais \u00e1geis e eficientes por parte das for\u00e7as de seguran\u00e7a.<\/p>\n\n\n\n<p>A Opera\u00e7\u00e3o Cajamar Fim de Ano integrou patrulhamento preventivo, fiscaliza\u00e7\u00e3o, a\u00e7\u00f5es de ordem p\u00fablica e combate ao tr\u00e1fico de drogas, com equipes atuando <strong>24 horas por dia<\/strong>, inclusive durante o Natal e o Ano Novo. O trabalho refor\u00e7a o compromisso da administra\u00e7\u00e3o municipal com a prote\u00e7\u00e3o da popula\u00e7\u00e3o e a constru\u00e7\u00e3o de uma cidade cada vez mais segura.<\/p>\n\n\n\n<p>As a\u00e7\u00f5es seguem sendo intensificadas ao longo do ano, com investimentos cont\u00ednuos em tecnologia, planejamento e presen\u00e7a das for\u00e7as de seguran\u00e7a nas ruas de Cajamar.<\/p>\n\n\n\n<p><\/p>\n","protected":false},"excerpt":{"rendered":"<p>A\u00e7\u00f5es intensificadas entre 10 de dezembro e 5 de janeiro garantiram mais tranquilidade \u00e0 popula\u00e7\u00e3o com apoio da tecnologia do Smart Cajamar<\/p>\n","protected":false},"author":11,"featured_media":0,"comment_status":"closed","ping_status":"closed","sticky":true,"template":"","format":"standard","meta":{"footnotes":""},"categories":[1,40],"tags":[],"posicao":[28],"class_list":["post-40988","post","type-post","status-publish","format-standard","hentry","category-noticias","category-seguranca-defesa-e-mobilidade","posicao-destaque"],"_links":{"self":[{"href":"https:\/\/cajamar.sp.gov.br\/noticias\/wp-json\/wp\/v2\/posts\/40988","targetHints":{"allow":["GET"]}}],"collection":[{"href":"https:\/\/cajamar.sp.gov.br\/noticias\/wp-json\/wp\/v2\/posts"}],"about":[{"href":"https:\/\/cajamar.sp.gov.br\/noticias\/wp-json\/wp\/v2\/types\/post"}],"author":[{"embeddable":true,"href":"https:\/\/cajamar.sp.gov.br\/noticias\/wp-json\/wp\/v2\/users\/11"}],"replies":[{"embeddable":true,"href":"https:\/\/cajamar.sp.gov.br\/noticias\/wp-json\/wp\/v2\/comments?post=40988"}],"version-history":[{"count":1,"href":"https:\/\/cajamar.sp.gov.br\/noticias\/wp-json\/wp\/v2\/posts\/40988\/revisions"}],"predecessor-version":[{"id":40990,"href":"https:\/\/cajamar.sp.gov.br\/noticias\/wp-json\/wp\/v2\/posts\/40988\/revisions\/40990"}],"wp:attachment":[{"href":"https:\/\/cajamar.sp.gov.br\/noticias\/wp-json\/wp\/v2\/media?parent=40988"}],"wp:term":[{"taxonomy":"category","embeddable":true,"href":"https:\/\/cajamar.sp.gov.br\/noticias\/wp-json\/wp\/v2\/categories?post=40988"},{"taxonomy":"post_tag","embeddable":true,"href":"https:\/\/cajamar.sp.gov.br\/noticias\/wp-json\/wp\/v2\/tags?post=40988"},{"taxonomy":"posicao","embeddable":true,"href":"https:\/\/cajamar.sp.gov.br\/noticias\/wp-json\/wp\/v2\/posicao?post=40988"}],"curies":[{"name":"wp","href":"https:\/\/api.w.org\/{rel}","templated":true}]}}