{"id":41221,"date":"2026-02-04T09:00:43","date_gmt":"2026-02-04T12:00:43","guid":{"rendered":"https:\/\/cajamar.sp.gov.br\/noticias\/?p=41221"},"modified":"2026-02-04T10:35:08","modified_gmt":"2026-02-04T13:35:08","slug":"complexo-de-saude-de-cajamar-amplia-atendimento-em-reabilitacao-com-servico-de-cinesioterapia","status":"publish","type":"post","link":"https:\/\/cajamar.sp.gov.br\/noticias\/2026\/02\/04\/complexo-de-saude-de-cajamar-amplia-atendimento-em-reabilitacao-com-servico-de-cinesioterapia\/","title":{"rendered":"Complexo de Sa\u00fade de Cajamar amplia atendimento em reabilita\u00e7\u00e3o com servi\u00e7o de Cinesioterapia"},"content":{"rendered":"\n<figure class=\"wp-block-image size-large\"><img fetchpriority=\"high\" decoding=\"async\" width=\"1280\" height=\"960\" src=\"https:\/\/cajamar.sp.gov.br\/noticias\/wp-content\/uploads\/sites\/2\/2026\/02\/capa-1-1280x960.jpeg\" alt=\"\" class=\"wp-image-41222\" srcset=\"https:\/\/cajamar.sp.gov.br\/noticias\/wp-content\/uploads\/sites\/2\/2026\/02\/capa-1-1280x960.jpeg 1280w, https:\/\/cajamar.sp.gov.br\/noticias\/wp-content\/uploads\/sites\/2\/2026\/02\/capa-1-300x225.jpeg 300w, https:\/\/cajamar.sp.gov.br\/noticias\/wp-content\/uploads\/sites\/2\/2026\/02\/capa-1-768x576.jpeg 768w, https:\/\/cajamar.sp.gov.br\/noticias\/wp-content\/uploads\/sites\/2\/2026\/02\/capa-1-1536x1152.jpeg 1536w, https:\/\/cajamar.sp.gov.br\/noticias\/wp-content\/uploads\/sites\/2\/2026\/02\/capa-1.jpeg 2048w\" sizes=\"(max-width: 1280px) 100vw, 1280px\" \/><\/figure>\n\n\n\n<p>A Prefeitura de Cajamar, por meio da Secretaria Municipal de Sa\u00fade, segue avan\u00e7ando na oferta de atendimentos especializados \u00e0 popula\u00e7\u00e3o. Um dos destaques \u00e9 o servi\u00e7o de Cinesioterapia no Complexo de Sa\u00fade Dr. Ant\u00f4nio Jo\u00e3o Abdalla, integrado ao Centro Especializado em Reabilita\u00e7\u00e3o F\u00edsica e Intelectual (CER II), refor\u00e7ando a pol\u00edtica de cuidado integral no munic\u00edpio.<\/p>\n\n\n\n<p>Conhecida como a \u201cterapia pelo movimento\u201d, a Cinesioterapia utiliza exerc\u00edcios terap\u00eauticos baseados em princ\u00edpios cient\u00edficos da anatomia e da fisiologia para o tratamento de disfun\u00e7\u00f5es musculoesquel\u00e9ticas e neurol\u00f3gicas. No Complexo de Sa\u00fade, o servi\u00e7o \u00e9 realizado por uma equipe multidisciplinar, formada por fisioterapeutas, educadores f\u00edsicos e terapeutas ocupacionais, garantindo planos de tratamento individualizados e adequados \u00e0s necessidades de cada paciente.<\/p>\n\n\n\n<p>O atendimento \u00e9 direcionado principalmente a pacientes em recupera\u00e7\u00e3o p\u00f3s-operat\u00f3ria, pessoas que sofreram traumas f\u00edsicos e mun\u00edcipes com limita\u00e7\u00f5es motoras. A estrutura moderna do Complexo de Sa\u00fade, inaugurado no final de 2024, conta com equipamentos adequados e um ambiente humanizado, proporcionando mais conforto, seguran\u00e7a e efic\u00e1cia durante o processo de reabilita\u00e7\u00e3o.<\/p>\n\n\n\n<p>Antes da implanta\u00e7\u00e3o do servi\u00e7o no munic\u00edpio, muitos moradores precisavam se deslocar para cidades vizinhas em busca desse tipo de atendimento especializado. Com a implementa\u00e7\u00e3o do servi\u00e7o de reabilita\u00e7\u00e3o em Cajamar, a Prefeitura amplia o acesso, reduz o tempo de espera e fortalece a resolutividade dos tratamentos oferecidos na rede p\u00fablica de sa\u00fade.<\/p>\n\n\n\n<p>O Complexo de Sa\u00fade Dr. Ant\u00f4nio Jo\u00e3o Abdalla est\u00e1 localizado na Avenida Dr. Ant\u00f4nio Jo\u00e3o Abdalla, n\u00ba 1500, bairro Vila Nova. Os atendimentos s\u00e3o realizados mediante encaminhamento m\u00e9dico, seguindo o fluxo de regula\u00e7\u00e3o da rede municipal de sa\u00fade.<\/p>\n\n\n\n<div class=\"wp-block-group is-nowrap is-layout-flex wp-container-core-group-is-layout-ad2f72ca wp-block-group-is-layout-flex\">\n<figure class=\"wp-block-image size-large\"><img decoding=\"async\" width=\"1280\" height=\"960\" src=\"https:\/\/cajamar.sp.gov.br\/noticias\/wp-content\/uploads\/sites\/2\/2026\/02\/01-11-1280x960.jpeg\" alt=\"\" class=\"wp-image-41223\" srcset=\"https:\/\/cajamar.sp.gov.br\/noticias\/wp-content\/uploads\/sites\/2\/2026\/02\/01-11-1280x960.jpeg 1280w, https:\/\/cajamar.sp.gov.br\/noticias\/wp-content\/uploads\/sites\/2\/2026\/02\/01-11-300x225.jpeg 300w, https:\/\/cajamar.sp.gov.br\/noticias\/wp-content\/uploads\/sites\/2\/2026\/02\/01-11-768x576.jpeg 768w, https:\/\/cajamar.sp.gov.br\/noticias\/wp-content\/uploads\/sites\/2\/2026\/02\/01-11-1536x1152.jpeg 1536w, https:\/\/cajamar.sp.gov.br\/noticias\/wp-content\/uploads\/sites\/2\/2026\/02\/01-11.jpeg 2048w\" sizes=\"(max-width: 1280px) 100vw, 1280px\" \/><\/figure>\n\n\n\n<figure class=\"wp-block-image size-large\"><img decoding=\"async\" width=\"1280\" height=\"960\" src=\"https:\/\/cajamar.sp.gov.br\/noticias\/wp-content\/uploads\/sites\/2\/2026\/02\/02-12-1280x960.jpeg\" alt=\"\" class=\"wp-image-41224\" srcset=\"https:\/\/cajamar.sp.gov.br\/noticias\/wp-content\/uploads\/sites\/2\/2026\/02\/02-12-1280x960.jpeg 1280w, https:\/\/cajamar.sp.gov.br\/noticias\/wp-content\/uploads\/sites\/2\/2026\/02\/02-12-300x225.jpeg 300w, https:\/\/cajamar.sp.gov.br\/noticias\/wp-content\/uploads\/sites\/2\/2026\/02\/02-12-768x576.jpeg 768w, https:\/\/cajamar.sp.gov.br\/noticias\/wp-content\/uploads\/sites\/2\/2026\/02\/02-12-1536x1152.jpeg 1536w, https:\/\/cajamar.sp.gov.br\/noticias\/wp-content\/uploads\/sites\/2\/2026\/02\/02-12.jpeg 2048w\" sizes=\"(max-width: 1280px) 100vw, 1280px\" \/><\/figure>\n<\/div>\n\n\n\n<div class=\"wp-block-group is-layout-grid wp-container-core-group-is-layout-9649a0d9 wp-block-group-is-layout-grid\"><\/div>\n\n\n\n<p><\/p>\n","protected":false},"excerpt":{"rendered":"<p>Integrado ao CER II, servi\u00e7o fortalece o cuidado integral e devolve autonomia a pacientes com limita\u00e7\u00f5es motoras<\/p>\n","protected":false},"author":11,"featured_media":41222,"comment_status":"closed","ping_status":"closed","sticky":true,"template":"","format":"standard","meta":{"footnotes":""},"categories":[1,2],"tags":[],"posicao":[28],"class_list":["post-41221","post","type-post","status-publish","format-standard","has-post-thumbnail","hentry","category-noticias","category-saude","posicao-destaque"],"_links":{"self":[{"href":"https:\/\/cajamar.sp.gov.br\/noticias\/wp-json\/wp\/v2\/posts\/41221","targetHints":{"allow":["GET"]}}],"collection":[{"href":"https:\/\/cajamar.sp.gov.br\/noticias\/wp-json\/wp\/v2\/posts"}],"about":[{"href":"https:\/\/cajamar.sp.gov.br\/noticias\/wp-json\/wp\/v2\/types\/post"}],"author":[{"embeddable":true,"href":"https:\/\/cajamar.sp.gov.br\/noticias\/wp-json\/wp\/v2\/users\/11"}],"replies":[{"embeddable":true,"href":"https:\/\/cajamar.sp.gov.br\/noticias\/wp-json\/wp\/v2\/comments?post=41221"}],"version-history":[{"count":2,"href":"https:\/\/cajamar.sp.gov.br\/noticias\/wp-json\/wp\/v2\/posts\/41221\/revisions"}],"predecessor-version":[{"id":41230,"href":"https:\/\/cajamar.sp.gov.br\/noticias\/wp-json\/wp\/v2\/posts\/41221\/revisions\/41230"}],"wp:featuredmedia":[{"embeddable":true,"href":"https:\/\/cajamar.sp.gov.br\/noticias\/wp-json\/wp\/v2\/media\/41222"}],"wp:attachment":[{"href":"https:\/\/cajamar.sp.gov.br\/noticias\/wp-json\/wp\/v2\/media?parent=41221"}],"wp:term":[{"taxonomy":"category","embeddable":true,"href":"https:\/\/cajamar.sp.gov.br\/noticias\/wp-json\/wp\/v2\/categories?post=41221"},{"taxonomy":"post_tag","embeddable":true,"href":"https:\/\/cajamar.sp.gov.br\/noticias\/wp-json\/wp\/v2\/tags?post=41221"},{"taxonomy":"posicao","embeddable":true,"href":"https:\/\/cajamar.sp.gov.br\/noticias\/wp-json\/wp\/v2\/posicao?post=41221"}],"curies":[{"name":"wp","href":"https:\/\/api.w.org\/{rel}","templated":true}]}}