{"id":41231,"date":"2026-02-05T09:00:47","date_gmt":"2026-02-05T12:00:47","guid":{"rendered":"https:\/\/cajamar.sp.gov.br\/noticias\/?p=41231"},"modified":"2026-02-05T09:51:43","modified_gmt":"2026-02-05T12:51:43","slug":"fevereiro-roxo-e-laranja-cajamar-reforca-a-conscientizacao-sobre-doencas-raras-e-prevencao-a-leucemia","status":"publish","type":"post","link":"https:\/\/cajamar.sp.gov.br\/noticias\/2026\/02\/05\/fevereiro-roxo-e-laranja-cajamar-reforca-a-conscientizacao-sobre-doencas-raras-e-prevencao-a-leucemia\/","title":{"rendered":"Fevereiro Roxo e Laranja: Cajamar refor\u00e7a a conscientiza\u00e7\u00e3o sobre Doen\u00e7as Raras e preven\u00e7\u00e3o \u00e0 Leucemia"},"content":{"rendered":"\n<figure class=\"wp-block-image size-full\"><img fetchpriority=\"high\" decoding=\"async\" width=\"1200\" height=\"627\" src=\"https:\/\/cajamar.sp.gov.br\/noticias\/wp-content\/uploads\/sites\/2\/2026\/02\/site-92.png\" alt=\"\" class=\"wp-image-41232\" srcset=\"https:\/\/cajamar.sp.gov.br\/noticias\/wp-content\/uploads\/sites\/2\/2026\/02\/site-92.png 1200w, https:\/\/cajamar.sp.gov.br\/noticias\/wp-content\/uploads\/sites\/2\/2026\/02\/site-92-768x401.png 768w\" sizes=\"(max-width: 1200px) 100vw, 1200px\" \/><\/figure>\n\n\n\n<p>Durante o m\u00eas de fevereiro, a Prefeitura de Cajamar, por meio da Secretaria Municipal de Sa\u00fade, promove a\u00e7\u00f5es de conscientiza\u00e7\u00e3o alinhadas ao calend\u00e1rio do Minist\u00e9rio da Sa\u00fade, que destaca o <strong>Fevereiro Roxo e Laranja<\/strong>. A iniciativa tem como objetivo informar, orientar e sensibilizar a popula\u00e7\u00e3o sobre a import\u00e2ncia do diagn\u00f3stico precoce, do acompanhamento m\u00e9dico adequado e da preven\u00e7\u00e3o.<\/p>\n\n\n\n<p>O <strong>Fevereiro Roxo<\/strong> chama a aten\u00e7\u00e3o para doen\u00e7as cr\u00f4nicas como <strong>L\u00fapus, Fibromialgia e Alzheimer<\/strong>, al\u00e9m de refor\u00e7ar o debate sobre <strong>Doen\u00e7as Raras<\/strong>, enquanto o <strong>Fevereiro Laranja<\/strong> \u00e9 voltado \u00e0 <strong>preven\u00e7\u00e3o e conscientiza\u00e7\u00e3o sobre a Leucemia<\/strong>. <\/p>\n\n\n\n<p>As doen\u00e7as raras atingem um n\u00famero reduzido de pessoas quando comparadas a outras enfermidades, por\u00e9m exigem aten\u00e7\u00e3o especial, informa\u00e7\u00e3o de qualidade e acesso aos servi\u00e7os de sa\u00fade. J\u00e1 a preven\u00e7\u00e3o e o diagn\u00f3stico precoce de doen\u00e7as hematol\u00f3gicas, como a leucemia, aumentam significativamente as chances de tratamento eficaz.<\/p>\n\n\n\n<p>Ao longo do m\u00eas, ser\u00e3o realizadas a\u00e7\u00f5es de conscientiza\u00e7\u00e3o e alerta nas unidades de sa\u00fade e nos canais oficiais da Prefeitura, levando informa\u00e7\u00e3o e orienta\u00e7\u00f5es sobre sinais, sintomas e formas de acompanhamento.<\/p>\n\n\n\n<p>A Secretaria de Sa\u00fade refor\u00e7a que, em caso de d\u00favidas ou necessidade de avalia\u00e7\u00e3o, a orienta\u00e7\u00e3o \u00e9 que o mun\u00edcipe procure a <strong>Unidade B\u00e1sica de Sa\u00fade (UBS)<\/strong> mais pr\u00f3xima, onde poder\u00e1 receber atendimento e encaminhamento adequado, se necess\u00e1rio.<\/p>\n\n\n\n<p>Informa\u00e7\u00e3o, acolhimento e preven\u00e7\u00e3o s\u00e3o passos fundamentais para garantir mais qualidade de vida \u00e0 popula\u00e7\u00e3o.<\/p>\n","protected":false},"excerpt":{"rendered":"<p>Secretaria de Sa\u00fade promover\u00e1 a\u00e7\u00f5es informativas ao longo do m\u00eas e orienta a popula\u00e7\u00e3o a procurar a UBS mais pr\u00f3xima em caso de d\u00favidas ou sintomas<\/p>\n","protected":false},"author":11,"featured_media":0,"comment_status":"closed","ping_status":"closed","sticky":true,"template":"","format":"standard","meta":{"footnotes":""},"categories":[1,2],"tags":[],"posicao":[28],"class_list":["post-41231","post","type-post","status-publish","format-standard","hentry","category-noticias","category-saude","posicao-destaque"],"_links":{"self":[{"href":"https:\/\/cajamar.sp.gov.br\/noticias\/wp-json\/wp\/v2\/posts\/41231","targetHints":{"allow":["GET"]}}],"collection":[{"href":"https:\/\/cajamar.sp.gov.br\/noticias\/wp-json\/wp\/v2\/posts"}],"about":[{"href":"https:\/\/cajamar.sp.gov.br\/noticias\/wp-json\/wp\/v2\/types\/post"}],"author":[{"embeddable":true,"href":"https:\/\/cajamar.sp.gov.br\/noticias\/wp-json\/wp\/v2\/users\/11"}],"replies":[{"embeddable":true,"href":"https:\/\/cajamar.sp.gov.br\/noticias\/wp-json\/wp\/v2\/comments?post=41231"}],"version-history":[{"count":1,"href":"https:\/\/cajamar.sp.gov.br\/noticias\/wp-json\/wp\/v2\/posts\/41231\/revisions"}],"predecessor-version":[{"id":41233,"href":"https:\/\/cajamar.sp.gov.br\/noticias\/wp-json\/wp\/v2\/posts\/41231\/revisions\/41233"}],"wp:attachment":[{"href":"https:\/\/cajamar.sp.gov.br\/noticias\/wp-json\/wp\/v2\/media?parent=41231"}],"wp:term":[{"taxonomy":"category","embeddable":true,"href":"https:\/\/cajamar.sp.gov.br\/noticias\/wp-json\/wp\/v2\/categories?post=41231"},{"taxonomy":"post_tag","embeddable":true,"href":"https:\/\/cajamar.sp.gov.br\/noticias\/wp-json\/wp\/v2\/tags?post=41231"},{"taxonomy":"posicao","embeddable":true,"href":"https:\/\/cajamar.sp.gov.br\/noticias\/wp-json\/wp\/v2\/posicao?post=41231"}],"curies":[{"name":"wp","href":"https:\/\/api.w.org\/{rel}","templated":true}]}}