{"id":41251,"date":"2026-02-05T08:00:00","date_gmt":"2026-02-05T11:00:00","guid":{"rendered":"https:\/\/cajamar.sp.gov.br\/noticias\/?p=41251"},"modified":"2026-02-05T09:44:16","modified_gmt":"2026-02-05T12:44:16","slug":"prefeitura-de-cajamar-realiza-dia-d-de-vacinacao-contra-o-sarampo-neste-sabado-07","status":"publish","type":"post","link":"https:\/\/cajamar.sp.gov.br\/noticias\/2026\/02\/05\/prefeitura-de-cajamar-realiza-dia-d-de-vacinacao-contra-o-sarampo-neste-sabado-07\/","title":{"rendered":"Prefeitura de Cajamar realiza Dia D de vacina\u00e7\u00e3o contra o sarampo neste s\u00e1bado (07)"},"content":{"rendered":"\n<figure class=\"wp-block-image size-large\"><img fetchpriority=\"high\" decoding=\"async\" width=\"1280\" height=\"853\" src=\"https:\/\/cajamar.sp.gov.br\/noticias\/wp-content\/uploads\/sites\/2\/2026\/02\/chatgpt-image-4-de-fev-de-2026-18_24_46-1280x853.png\" alt=\"\" class=\"wp-image-41253\" srcset=\"https:\/\/cajamar.sp.gov.br\/noticias\/wp-content\/uploads\/sites\/2\/2026\/02\/chatgpt-image-4-de-fev-de-2026-18_24_46-1280x853.png 1280w, https:\/\/cajamar.sp.gov.br\/noticias\/wp-content\/uploads\/sites\/2\/2026\/02\/chatgpt-image-4-de-fev-de-2026-18_24_46-768x512.png 768w, https:\/\/cajamar.sp.gov.br\/noticias\/wp-content\/uploads\/sites\/2\/2026\/02\/chatgpt-image-4-de-fev-de-2026-18_24_46.png 1536w\" sizes=\"(max-width: 1280px) 100vw, 1280px\" \/><\/figure>\n\n\n\n<p>A Prefeitura de Cajamar, por meio da Secretaria Municipal de Sa\u00fade e da Vigil\u00e2ncia Epidemiol\u00f3gica, realiza neste s\u00e1bado, 07 de fevereiro de 2026, o Dia D de vacina\u00e7\u00e3o contra o sarampo, com o objetivo de ampliar a cobertura vacinal e proteger a popula\u00e7\u00e3o contra a doen\u00e7a.<\/p>\n\n\n\n<p>A a\u00e7\u00e3o acontecer\u00e1 das 9h \u00e0s 16h, em dois polos de vacina\u00e7\u00e3o: Complexo de Sa\u00fade de Cajamar e UBS do Polvilho Dra. Izabel Gratieri. Al\u00e9m da vacina contra o sarampo, tamb\u00e9m ser\u00e3o aplicadas as vacinas contra caxumba, rub\u00e9ola e febre amarela, conforme o calend\u00e1rio vacinal.<\/p>\n\n\n\n<p>O sarampo \u00e9 uma doen\u00e7a infecciosa altamente contagiosa e pode causar complica\u00e7\u00f5es graves, principalmente em crian\u00e7as. A vacina\u00e7\u00e3o \u00e9 a forma mais eficaz de preven\u00e7\u00e3o e uma medida fundamental para garantir a prote\u00e7\u00e3o individual e coletiva.<\/p>\n\n\n\n<p><strong>Quem\u00a0deve\u00a0se\u00a0vacinar\u00a0contra\u00a0o\u00a0sarampo:<\/strong><\/p>\n\n\n\n<p><strong>Crian\u00e7as\u00a0de\u00a012\u00a0meses\u00a0a\u00a0menores\u00a0de\u00a05\u00a0anos<\/strong><br>Atualiza\u00e7\u00e3o\u00a0do\u00a0esquema\u00a0vacinal:<\/p>\n\n\n\n<p>1\u00aa&nbsp;dose&nbsp;aos&nbsp;12&nbsp;meses&nbsp;\u2013&nbsp;tr\u00edplice&nbsp;viral<\/p>\n\n\n\n<p>2\u00aa&nbsp;dose&nbsp;aos&nbsp;15&nbsp;meses&nbsp;\u2013&nbsp;tetraviral&nbsp;(ou&nbsp;tr\u00edplice&nbsp;viral&nbsp;+&nbsp;varicela)<\/p>\n\n\n\n<p><strong>Pessoas\u00a0de\u00a05\u00a0a\u00a029\u00a0anos:<\/strong><br>Duas\u00a0doses\u00a0da\u00a0tr\u00edplice\u00a0viral,\u00a0com\u00a0intervalo\u00a0m\u00ednimo\u00a0de\u00a030\u00a0dias<\/p>\n\n\n\n<p><strong>Pessoas\u00a0de\u00a030\u00a0a\u00a059\u00a0anos:<\/strong><br>Uma\u00a0dose\u00a0da\u00a0tr\u00edplice\u00a0viral,\u00a0para\u00a0quem\u00a0n\u00e3o\u00a0comprovar\u00a0vacina\u00e7\u00e3o\u00a0anterior<\/p>\n\n\n\n<p><strong>Profissionais\u00a0da\u00a0sa\u00fade:<\/strong><br>Duas\u00a0doses\u00a0obrigat\u00f3rias,\u00a0independentemente\u00a0da\u00a0idade<\/p>\n\n\n\n<p>A Secretaria Municipal de Sa\u00fade orienta que os mun\u00edcipes compare\u00e7am aos pontos de vacina\u00e7\u00e3o com documento com foto e cart\u00e3o de vacina\u00e7\u00e3o, se dispon\u00edvel.<\/p>\n\n\n\n<p><\/p>\n\n\n\n<p><\/p>\n","protected":false},"excerpt":{"rendered":"<p>A\u00e7\u00e3o acontece das 9h \u00e0s 16h, no Complexo de Sa\u00fade e na UBS do Polvilho Dra. Izabel Gratieri<\/p>\n","protected":false},"author":11,"featured_media":0,"comment_status":"closed","ping_status":"closed","sticky":true,"template":"","format":"standard","meta":{"footnotes":""},"categories":[1,2],"tags":[],"posicao":[28],"class_list":["post-41251","post","type-post","status-publish","format-standard","hentry","category-noticias","category-saude","posicao-destaque"],"_links":{"self":[{"href":"https:\/\/cajamar.sp.gov.br\/noticias\/wp-json\/wp\/v2\/posts\/41251","targetHints":{"allow":["GET"]}}],"collection":[{"href":"https:\/\/cajamar.sp.gov.br\/noticias\/wp-json\/wp\/v2\/posts"}],"about":[{"href":"https:\/\/cajamar.sp.gov.br\/noticias\/wp-json\/wp\/v2\/types\/post"}],"author":[{"embeddable":true,"href":"https:\/\/cajamar.sp.gov.br\/noticias\/wp-json\/wp\/v2\/users\/11"}],"replies":[{"embeddable":true,"href":"https:\/\/cajamar.sp.gov.br\/noticias\/wp-json\/wp\/v2\/comments?post=41251"}],"version-history":[{"count":1,"href":"https:\/\/cajamar.sp.gov.br\/noticias\/wp-json\/wp\/v2\/posts\/41251\/revisions"}],"predecessor-version":[{"id":41254,"href":"https:\/\/cajamar.sp.gov.br\/noticias\/wp-json\/wp\/v2\/posts\/41251\/revisions\/41254"}],"wp:attachment":[{"href":"https:\/\/cajamar.sp.gov.br\/noticias\/wp-json\/wp\/v2\/media?parent=41251"}],"wp:term":[{"taxonomy":"category","embeddable":true,"href":"https:\/\/cajamar.sp.gov.br\/noticias\/wp-json\/wp\/v2\/categories?post=41251"},{"taxonomy":"post_tag","embeddable":true,"href":"https:\/\/cajamar.sp.gov.br\/noticias\/wp-json\/wp\/v2\/tags?post=41251"},{"taxonomy":"posicao","embeddable":true,"href":"https:\/\/cajamar.sp.gov.br\/noticias\/wp-json\/wp\/v2\/posicao?post=41251"}],"curies":[{"name":"wp","href":"https:\/\/api.w.org\/{rel}","templated":true}]}}