{"id":41309,"date":"2026-02-08T10:00:40","date_gmt":"2026-02-08T13:00:40","guid":{"rendered":"https:\/\/cajamar.sp.gov.br\/noticias\/?p=41309"},"modified":"2026-02-09T09:40:09","modified_gmt":"2026-02-09T12:40:09","slug":"feira-do-por-do-sol-da-inicio-a-uma-nova-tradicao-em-cajamar","status":"publish","type":"post","link":"https:\/\/cajamar.sp.gov.br\/noticias\/2026\/02\/08\/feira-do-por-do-sol-da-inicio-a-uma-nova-tradicao-em-cajamar\/","title":{"rendered":"Feira do P\u00f4r do Sol d\u00e1 in\u00edcio a uma nova tradi\u00e7\u00e3o em Cajamar"},"content":{"rendered":"\n<figure class=\"wp-block-image size-large\"><img fetchpriority=\"high\" decoding=\"async\" width=\"1280\" height=\"960\" src=\"https:\/\/cajamar.sp.gov.br\/noticias\/wp-content\/uploads\/sites\/2\/2026\/02\/imagem-2026-02-09t093435-094-1280x960.jpeg\" alt=\"\" class=\"wp-image-41310\" srcset=\"https:\/\/cajamar.sp.gov.br\/noticias\/wp-content\/uploads\/sites\/2\/2026\/02\/imagem-2026-02-09t093435-094-1280x960.jpeg 1280w, https:\/\/cajamar.sp.gov.br\/noticias\/wp-content\/uploads\/sites\/2\/2026\/02\/imagem-2026-02-09t093435-094-300x225.jpeg 300w, https:\/\/cajamar.sp.gov.br\/noticias\/wp-content\/uploads\/sites\/2\/2026\/02\/imagem-2026-02-09t093435-094-768x576.jpeg 768w, https:\/\/cajamar.sp.gov.br\/noticias\/wp-content\/uploads\/sites\/2\/2026\/02\/imagem-2026-02-09t093435-094-1536x1152.jpeg 1536w, https:\/\/cajamar.sp.gov.br\/noticias\/wp-content\/uploads\/sites\/2\/2026\/02\/imagem-2026-02-09t093435-094.jpeg 2048w\" sizes=\"(max-width: 1280px) 100vw, 1280px\" \/><\/figure>\n\n\n\n<p>No \u00faltimo s\u00e1bado, 7 de fevereiro, Cajamar ganhou um novo espa\u00e7o de conviv\u00eancia e lazer com a estreia da Feira do P\u00f4r do Sol, realizada no Parque Linear do Cajamar Centro. A iniciativa reuniu gastronomia, artesanato, cultura e m\u00fasica ao ar livre em uma programa\u00e7\u00e3o pensada para toda a fam\u00edlia.<\/p>\n\n\n\n<p>O ambiente acolhedor e em meio \u00e0 natureza proporcionou momentos de descontra\u00e7\u00e3o para moradores e visitantes, que aproveitaram o fim de tarde estendendo cangas no gramado, passeando pelo parque, experimentando sabores locais e encontrando amigos em um espa\u00e7o preparado para receber a popula\u00e7\u00e3o.<\/p>\n\n\n\n<p>Com o sucesso da primeira edi\u00e7\u00e3o, a Feira do P\u00f4r do Sol passa a integrar o calend\u00e1rio oficial de eventos da cidade e ser\u00e1 realizada sempre no primeiro s\u00e1bado de cada m\u00eas, no mesmo local e hor\u00e1rio, consolidando-se como um novo ponto fixo de lazer, cultura e encontro para a comunidade.<\/p>\n\n\n\n<p>A a\u00e7\u00e3o faz parte das comemora\u00e7\u00f5es de anivers\u00e1rio do munic\u00edpio e refor\u00e7a o compromisso em promover iniciativas que valorizem as pessoas, estimulem a economia criativa e ampliem as op\u00e7\u00f5es de entretenimento para os cajamarenses. Novas atividades e entregas seguem previstas ao longo do m\u00eas.<\/p>\n\n\n\n<div class=\"wp-block-group is-layout-grid wp-container-core-group-is-layout-9649a0d9 wp-block-group-is-layout-grid\">\n<figure class=\"wp-block-image size-large\"><img decoding=\"async\" width=\"1280\" height=\"956\" src=\"https:\/\/cajamar.sp.gov.br\/noticias\/wp-content\/uploads\/sites\/2\/2026\/02\/foto-66-1280x956.jpeg\" alt=\"\" class=\"wp-image-41311\" srcset=\"https:\/\/cajamar.sp.gov.br\/noticias\/wp-content\/uploads\/sites\/2\/2026\/02\/foto-66-1280x956.jpeg 1280w, https:\/\/cajamar.sp.gov.br\/noticias\/wp-content\/uploads\/sites\/2\/2026\/02\/foto-66-300x225.jpeg 300w, https:\/\/cajamar.sp.gov.br\/noticias\/wp-content\/uploads\/sites\/2\/2026\/02\/foto-66-768x574.jpeg 768w, https:\/\/cajamar.sp.gov.br\/noticias\/wp-content\/uploads\/sites\/2\/2026\/02\/foto-66.jpeg 1320w\" sizes=\"(max-width: 1280px) 100vw, 1280px\" \/><figcaption class=\"wp-element-caption\">Screenshot<\/figcaption><\/figure>\n\n\n\n<figure class=\"wp-block-image size-large\"><img decoding=\"async\" width=\"1280\" height=\"960\" src=\"https:\/\/cajamar.sp.gov.br\/noticias\/wp-content\/uploads\/sites\/2\/2026\/02\/imagem-2026-02-09t093501-985-1280x960.jpeg\" alt=\"\" class=\"wp-image-41312\" srcset=\"https:\/\/cajamar.sp.gov.br\/noticias\/wp-content\/uploads\/sites\/2\/2026\/02\/imagem-2026-02-09t093501-985-1280x960.jpeg 1280w, https:\/\/cajamar.sp.gov.br\/noticias\/wp-content\/uploads\/sites\/2\/2026\/02\/imagem-2026-02-09t093501-985-300x225.jpeg 300w, https:\/\/cajamar.sp.gov.br\/noticias\/wp-content\/uploads\/sites\/2\/2026\/02\/imagem-2026-02-09t093501-985-768x576.jpeg 768w, https:\/\/cajamar.sp.gov.br\/noticias\/wp-content\/uploads\/sites\/2\/2026\/02\/imagem-2026-02-09t093501-985-1536x1152.jpeg 1536w, https:\/\/cajamar.sp.gov.br\/noticias\/wp-content\/uploads\/sites\/2\/2026\/02\/imagem-2026-02-09t093501-985.jpeg 2048w\" sizes=\"(max-width: 1280px) 100vw, 1280px\" \/><\/figure>\n\n\n\n<figure class=\"wp-block-image size-large\"><img loading=\"lazy\" decoding=\"async\" width=\"1280\" height=\"960\" src=\"https:\/\/cajamar.sp.gov.br\/noticias\/wp-content\/uploads\/sites\/2\/2026\/02\/imagem-2026-02-09t093505-630-1280x960.jpeg\" alt=\"\" class=\"wp-image-41313\" srcset=\"https:\/\/cajamar.sp.gov.br\/noticias\/wp-content\/uploads\/sites\/2\/2026\/02\/imagem-2026-02-09t093505-630-1280x960.jpeg 1280w, https:\/\/cajamar.sp.gov.br\/noticias\/wp-content\/uploads\/sites\/2\/2026\/02\/imagem-2026-02-09t093505-630-300x225.jpeg 300w, https:\/\/cajamar.sp.gov.br\/noticias\/wp-content\/uploads\/sites\/2\/2026\/02\/imagem-2026-02-09t093505-630-768x576.jpeg 768w, https:\/\/cajamar.sp.gov.br\/noticias\/wp-content\/uploads\/sites\/2\/2026\/02\/imagem-2026-02-09t093505-630-1536x1152.jpeg 1536w, https:\/\/cajamar.sp.gov.br\/noticias\/wp-content\/uploads\/sites\/2\/2026\/02\/imagem-2026-02-09t093505-630.jpeg 2048w\" sizes=\"(max-width: 1280px) 100vw, 1280px\" \/><\/figure>\n\n\n\n<figure class=\"wp-block-image size-large\"><img loading=\"lazy\" decoding=\"async\" width=\"1280\" height=\"960\" src=\"https:\/\/cajamar.sp.gov.br\/noticias\/wp-content\/uploads\/sites\/2\/2026\/02\/imagem-2026-02-09t093509-903-1280x960.jpeg\" alt=\"\" class=\"wp-image-41314\" srcset=\"https:\/\/cajamar.sp.gov.br\/noticias\/wp-content\/uploads\/sites\/2\/2026\/02\/imagem-2026-02-09t093509-903-1280x960.jpeg 1280w, https:\/\/cajamar.sp.gov.br\/noticias\/wp-content\/uploads\/sites\/2\/2026\/02\/imagem-2026-02-09t093509-903-300x225.jpeg 300w, https:\/\/cajamar.sp.gov.br\/noticias\/wp-content\/uploads\/sites\/2\/2026\/02\/imagem-2026-02-09t093509-903-768x576.jpeg 768w, https:\/\/cajamar.sp.gov.br\/noticias\/wp-content\/uploads\/sites\/2\/2026\/02\/imagem-2026-02-09t093509-903-1536x1152.jpeg 1536w, https:\/\/cajamar.sp.gov.br\/noticias\/wp-content\/uploads\/sites\/2\/2026\/02\/imagem-2026-02-09t093509-903.jpeg 2048w\" sizes=\"(max-width: 1280px) 100vw, 1280px\" \/><\/figure>\n\n\n\n<figure class=\"wp-block-image size-large\"><img loading=\"lazy\" decoding=\"async\" width=\"1280\" height=\"960\" src=\"https:\/\/cajamar.sp.gov.br\/noticias\/wp-content\/uploads\/sites\/2\/2026\/02\/imagem-2026-02-09t093513-204-1280x960.jpeg\" alt=\"\" class=\"wp-image-41315\" srcset=\"https:\/\/cajamar.sp.gov.br\/noticias\/wp-content\/uploads\/sites\/2\/2026\/02\/imagem-2026-02-09t093513-204-1280x960.jpeg 1280w, https:\/\/cajamar.sp.gov.br\/noticias\/wp-content\/uploads\/sites\/2\/2026\/02\/imagem-2026-02-09t093513-204-300x225.jpeg 300w, https:\/\/cajamar.sp.gov.br\/noticias\/wp-content\/uploads\/sites\/2\/2026\/02\/imagem-2026-02-09t093513-204-768x576.jpeg 768w, https:\/\/cajamar.sp.gov.br\/noticias\/wp-content\/uploads\/sites\/2\/2026\/02\/imagem-2026-02-09t093513-204-1536x1152.jpeg 1536w, https:\/\/cajamar.sp.gov.br\/noticias\/wp-content\/uploads\/sites\/2\/2026\/02\/imagem-2026-02-09t093513-204.jpeg 2048w\" sizes=\"(max-width: 1280px) 100vw, 1280px\" \/><\/figure>\n\n\n\n<figure class=\"wp-block-image size-large\"><img loading=\"lazy\" decoding=\"async\" width=\"1280\" height=\"960\" src=\"https:\/\/cajamar.sp.gov.br\/noticias\/wp-content\/uploads\/sites\/2\/2026\/02\/imagem-2026-02-09t093516-279-1280x960.jpeg\" alt=\"\" class=\"wp-image-41316\" srcset=\"https:\/\/cajamar.sp.gov.br\/noticias\/wp-content\/uploads\/sites\/2\/2026\/02\/imagem-2026-02-09t093516-279-1280x960.jpeg 1280w, https:\/\/cajamar.sp.gov.br\/noticias\/wp-content\/uploads\/sites\/2\/2026\/02\/imagem-2026-02-09t093516-279-300x225.jpeg 300w, https:\/\/cajamar.sp.gov.br\/noticias\/wp-content\/uploads\/sites\/2\/2026\/02\/imagem-2026-02-09t093516-279-768x576.jpeg 768w, https:\/\/cajamar.sp.gov.br\/noticias\/wp-content\/uploads\/sites\/2\/2026\/02\/imagem-2026-02-09t093516-279-1536x1152.jpeg 1536w, https:\/\/cajamar.sp.gov.br\/noticias\/wp-content\/uploads\/sites\/2\/2026\/02\/imagem-2026-02-09t093516-279.jpeg 2048w\" sizes=\"(max-width: 1280px) 100vw, 1280px\" \/><\/figure>\n<\/div>\n","protected":false},"excerpt":{"rendered":"<p>Evento passa a integrar o calend\u00e1rio mensal de atividades culturais e de lazer do munic\u00edpio<\/p>\n","protected":false},"author":11,"featured_media":0,"comment_status":"closed","ping_status":"closed","sticky":true,"template":"","format":"standard","meta":{"footnotes":""},"categories":[12,1,1429],"tags":[],"posicao":[28],"class_list":["post-41309","post","type-post","status-publish","format-standard","hentry","category-cultura","category-noticias","category-turismo","posicao-destaque"],"_links":{"self":[{"href":"https:\/\/cajamar.sp.gov.br\/noticias\/wp-json\/wp\/v2\/posts\/41309","targetHints":{"allow":["GET"]}}],"collection":[{"href":"https:\/\/cajamar.sp.gov.br\/noticias\/wp-json\/wp\/v2\/posts"}],"about":[{"href":"https:\/\/cajamar.sp.gov.br\/noticias\/wp-json\/wp\/v2\/types\/post"}],"author":[{"embeddable":true,"href":"https:\/\/cajamar.sp.gov.br\/noticias\/wp-json\/wp\/v2\/users\/11"}],"replies":[{"embeddable":true,"href":"https:\/\/cajamar.sp.gov.br\/noticias\/wp-json\/wp\/v2\/comments?post=41309"}],"version-history":[{"count":2,"href":"https:\/\/cajamar.sp.gov.br\/noticias\/wp-json\/wp\/v2\/posts\/41309\/revisions"}],"predecessor-version":[{"id":41318,"href":"https:\/\/cajamar.sp.gov.br\/noticias\/wp-json\/wp\/v2\/posts\/41309\/revisions\/41318"}],"wp:attachment":[{"href":"https:\/\/cajamar.sp.gov.br\/noticias\/wp-json\/wp\/v2\/media?parent=41309"}],"wp:term":[{"taxonomy":"category","embeddable":true,"href":"https:\/\/cajamar.sp.gov.br\/noticias\/wp-json\/wp\/v2\/categories?post=41309"},{"taxonomy":"post_tag","embeddable":true,"href":"https:\/\/cajamar.sp.gov.br\/noticias\/wp-json\/wp\/v2\/tags?post=41309"},{"taxonomy":"posicao","embeddable":true,"href":"https:\/\/cajamar.sp.gov.br\/noticias\/wp-json\/wp\/v2\/posicao?post=41309"}],"curies":[{"name":"wp","href":"https:\/\/api.w.org\/{rel}","templated":true}]}}