{"id":41319,"date":"2026-02-09T20:00:00","date_gmt":"2026-02-09T23:00:00","guid":{"rendered":"https:\/\/cajamar.sp.gov.br\/noticias\/?p=41319"},"modified":"2026-02-09T21:41:10","modified_gmt":"2026-02-10T00:41:10","slug":"carnaval-das-criancas-vai-transformar-o-boiodromo-em-um-universo-de-cores-e-diversao-em-cajamar","status":"publish","type":"post","link":"https:\/\/cajamar.sp.gov.br\/noticias\/2026\/02\/09\/carnaval-das-criancas-vai-transformar-o-boiodromo-em-um-universo-de-cores-e-diversao-em-cajamar\/","title":{"rendered":"Carnaval das crian\u00e7as vai transformar o Boi\u00f3dromo em um universo de cores e divers\u00e3o em Cajamar"},"content":{"rendered":"\n<figure class=\"wp-block-image size-full\"><img fetchpriority=\"high\" decoding=\"async\" width=\"1200\" height=\"627\" src=\"https:\/\/cajamar.sp.gov.br\/noticias\/wp-content\/uploads\/sites\/2\/2026\/02\/1000355273.png\" alt=\"\" class=\"wp-image-41320\" srcset=\"https:\/\/cajamar.sp.gov.br\/noticias\/wp-content\/uploads\/sites\/2\/2026\/02\/1000355273.png 1200w, https:\/\/cajamar.sp.gov.br\/noticias\/wp-content\/uploads\/sites\/2\/2026\/02\/1000355273-768x401.png 768w\" sizes=\"(max-width: 1200px) 100vw, 1200px\" \/><\/figure>\n\n\n\n<p>Pela primeira vez na hist\u00f3ria de Cajamar, o Boi\u00f3dromo ser\u00e1 palco de um grande Carnaval das Crian\u00e7as, reunindo fantasia, m\u00fasica e muita alegria em um ambiente preparado especialmente para o p\u00fablico infantil. O espa\u00e7o ser\u00e1 transformado em um verdadeiro universo de cores e divers\u00e3o, oferecendo uma programa\u00e7\u00e3o repleta de atra\u00e7\u00f5es para garantir momentos inesquec\u00edveis para as fam\u00edlias cajamarenses.<\/p>\n\n\n\n<p>Durante os dois dias de evento, o p\u00fablico poder\u00e1 aproveitar diversas atividades recreativas e apresenta\u00e7\u00f5es art\u00edsticas, incluindo canh\u00e3o de espuma, jato de \u00e1gua, personagens tem\u00e1ticos com muita intera\u00e7\u00e3o, bandinhas carnavalescas, shows infantis, brinquedos infl\u00e1veis, chuva de confete e a tradicional festa das cores. A programa\u00e7\u00e3o contar\u00e1 ainda com concurso de fantasias para incentivar a criatividade das crian\u00e7as, distribui\u00e7\u00e3o de brindes, a\u00e7\u00f5es recreativas ao longo do dia e m\u00fasica ao vivo com produ\u00e7\u00e3o art\u00edstica especial.<\/p>\n\n\n\n<p>Al\u00e9m das atra\u00e7\u00f5es, o evento tamb\u00e9m oferecer\u00e1 op\u00e7\u00f5es de alimenta\u00e7\u00e3o como pipoca, refrigerante, algod\u00e3o-doce e lanches, garantindo ainda mais conforto para quem participar da festa. A organiza\u00e7\u00e3o orienta que os respons\u00e1veis levem uma roupa extra para as crian\u00e7as, j\u00e1 que algumas atividades envolvem \u00e1gua e espuma.<\/p>\n\n\n\n<p>O Carnaval das Crian\u00e7as ser\u00e1 realizado nos dias 14 e 15 de fevereiro, das 11h \u00e0s 18h, no Centro de Eventos Boi\u00f3dromo, com entrada gratuita. A Prefeitura convida toda a popula\u00e7\u00e3o para preparar a fantasia, reunir a fam\u00edlia e participar dessa grande celebra\u00e7\u00e3o, levando cor, alegria e muita anima\u00e7\u00e3o para Cajamar.<\/p>\n\n\n\n<p>Voc\u00ea n\u00e3o pode ficar fora dessa!<\/p>\n\n\n\n<p>\ud83d\udcc6 14 e 15\/02 (s\u00e1bado e domingo)<br>\u23f0 11h \u00e0s 18h<br>\ud83d\udccd Centro de Eventos Boi\u00f3dromo<br>\ud83c\udd93 Evento gratuito<\/p>\n\n\n\n<p><\/p>\n","protected":false},"excerpt":{"rendered":"<p>Evento in\u00e9dito acontece nos dias 14 e 15 de fevereiro, com programa\u00e7\u00e3o especial e gratuita para toda a fam\u00edlia<\/p>\n","protected":false},"author":11,"featured_media":0,"comment_status":"closed","ping_status":"closed","sticky":true,"template":"","format":"standard","meta":{"footnotes":""},"categories":[1,51],"tags":[],"posicao":[28],"class_list":["post-41319","post","type-post","status-publish","format-standard","hentry","category-noticias","category-comunicacao-e-gestao-de-eventos","posicao-destaque"],"_links":{"self":[{"href":"https:\/\/cajamar.sp.gov.br\/noticias\/wp-json\/wp\/v2\/posts\/41319","targetHints":{"allow":["GET"]}}],"collection":[{"href":"https:\/\/cajamar.sp.gov.br\/noticias\/wp-json\/wp\/v2\/posts"}],"about":[{"href":"https:\/\/cajamar.sp.gov.br\/noticias\/wp-json\/wp\/v2\/types\/post"}],"author":[{"embeddable":true,"href":"https:\/\/cajamar.sp.gov.br\/noticias\/wp-json\/wp\/v2\/users\/11"}],"replies":[{"embeddable":true,"href":"https:\/\/cajamar.sp.gov.br\/noticias\/wp-json\/wp\/v2\/comments?post=41319"}],"version-history":[{"count":1,"href":"https:\/\/cajamar.sp.gov.br\/noticias\/wp-json\/wp\/v2\/posts\/41319\/revisions"}],"predecessor-version":[{"id":41322,"href":"https:\/\/cajamar.sp.gov.br\/noticias\/wp-json\/wp\/v2\/posts\/41319\/revisions\/41322"}],"wp:attachment":[{"href":"https:\/\/cajamar.sp.gov.br\/noticias\/wp-json\/wp\/v2\/media?parent=41319"}],"wp:term":[{"taxonomy":"category","embeddable":true,"href":"https:\/\/cajamar.sp.gov.br\/noticias\/wp-json\/wp\/v2\/categories?post=41319"},{"taxonomy":"post_tag","embeddable":true,"href":"https:\/\/cajamar.sp.gov.br\/noticias\/wp-json\/wp\/v2\/tags?post=41319"},{"taxonomy":"posicao","embeddable":true,"href":"https:\/\/cajamar.sp.gov.br\/noticias\/wp-json\/wp\/v2\/posicao?post=41319"}],"curies":[{"name":"wp","href":"https:\/\/api.w.org\/{rel}","templated":true}]}}