{"id":41360,"date":"2026-02-22T13:30:00","date_gmt":"2026-02-22T16:30:00","guid":{"rendered":"https:\/\/cajamar.sp.gov.br\/noticias\/?p=41360"},"modified":"2026-02-22T13:04:09","modified_gmt":"2026-02-22T16:04:09","slug":"presente-de-aniversario-reune-grande-publico-em-noite-historica-de-celebracao","status":"publish","type":"post","link":"https:\/\/cajamar.sp.gov.br\/noticias\/2026\/02\/22\/presente-de-aniversario-reune-grande-publico-em-noite-historica-de-celebracao\/","title":{"rendered":"Presente de Anivers\u00e1rio re\u00fane grande p\u00fablico em noite hist\u00f3rica de celebra\u00e7\u00e3o"},"content":{"rendered":"\n<figure class=\"wp-block-image size-full\"><img fetchpriority=\"high\" decoding=\"async\" width=\"1200\" height=\"627\" src=\"https:\/\/cajamar.sp.gov.br\/noticias\/wp-content\/uploads\/sites\/2\/2026\/02\/site-1entrega-aniversario.png\" alt=\"\" class=\"wp-image-41361\" srcset=\"https:\/\/cajamar.sp.gov.br\/noticias\/wp-content\/uploads\/sites\/2\/2026\/02\/site-1entrega-aniversario.png 1200w, https:\/\/cajamar.sp.gov.br\/noticias\/wp-content\/uploads\/sites\/2\/2026\/02\/site-1entrega-aniversario-768x401.png 768w\" sizes=\"(max-width: 1200px) 100vw, 1200px\" \/><\/figure>\n\n\n\n<p>Entre os presentes preparados para celebrar os 67 anos de Cajamar, a grande festa realizada no \u00faltimo s\u00e1bado (21) foi um dos momentos mais especiais da programa\u00e7\u00e3o comemorativa.<\/p>\n\n\n\n<p>A abertura da noite ficou por conta do grupo \u00c9 o Tchan, que animou o p\u00fablico e colocou todos para dan\u00e7ar. Na sequ\u00eancia, a cantora Joelma subiu ao palco com um show vibrante, repleto de energia e emo\u00e7\u00e3o.<\/p>\n\n\n\n<p>A estrutura contou ainda com pra\u00e7a de alimenta\u00e7\u00e3o, fortalecendo o com\u00e9rcio local, e reuniu fam\u00edlias de diferentes bairros em um ambiente de confraterniza\u00e7\u00e3o e alegria.<\/p>\n\n\n\n<p>Mais do que um evento festivo, a celebra\u00e7\u00e3o representou um momento de uni\u00e3o e orgulho para a popula\u00e7\u00e3o cajamarense. A programa\u00e7\u00e3o de anivers\u00e1rio segue com diversas atividades preparadas especialmente para a comunidade.<\/p>\n\n\n\n<p><\/p>\n","protected":false},"excerpt":{"rendered":"<p>Evento especial integrou a programa\u00e7\u00e3o dos 67 anos de Cajamar e marcou as comemora\u00e7\u00f5es com m\u00fasica, alegria e valoriza\u00e7\u00e3o dos comerciantes locais<\/p>\n","protected":false},"author":11,"featured_media":0,"comment_status":"closed","ping_status":"closed","sticky":true,"template":"","format":"standard","meta":{"footnotes":""},"categories":[1,51],"tags":[],"posicao":[28],"class_list":["post-41360","post","type-post","status-publish","format-standard","hentry","category-noticias","category-comunicacao-e-gestao-de-eventos","posicao-destaque"],"_links":{"self":[{"href":"https:\/\/cajamar.sp.gov.br\/noticias\/wp-json\/wp\/v2\/posts\/41360","targetHints":{"allow":["GET"]}}],"collection":[{"href":"https:\/\/cajamar.sp.gov.br\/noticias\/wp-json\/wp\/v2\/posts"}],"about":[{"href":"https:\/\/cajamar.sp.gov.br\/noticias\/wp-json\/wp\/v2\/types\/post"}],"author":[{"embeddable":true,"href":"https:\/\/cajamar.sp.gov.br\/noticias\/wp-json\/wp\/v2\/users\/11"}],"replies":[{"embeddable":true,"href":"https:\/\/cajamar.sp.gov.br\/noticias\/wp-json\/wp\/v2\/comments?post=41360"}],"version-history":[{"count":1,"href":"https:\/\/cajamar.sp.gov.br\/noticias\/wp-json\/wp\/v2\/posts\/41360\/revisions"}],"predecessor-version":[{"id":41362,"href":"https:\/\/cajamar.sp.gov.br\/noticias\/wp-json\/wp\/v2\/posts\/41360\/revisions\/41362"}],"wp:attachment":[{"href":"https:\/\/cajamar.sp.gov.br\/noticias\/wp-json\/wp\/v2\/media?parent=41360"}],"wp:term":[{"taxonomy":"category","embeddable":true,"href":"https:\/\/cajamar.sp.gov.br\/noticias\/wp-json\/wp\/v2\/categories?post=41360"},{"taxonomy":"post_tag","embeddable":true,"href":"https:\/\/cajamar.sp.gov.br\/noticias\/wp-json\/wp\/v2\/tags?post=41360"},{"taxonomy":"posicao","embeddable":true,"href":"https:\/\/cajamar.sp.gov.br\/noticias\/wp-json\/wp\/v2\/posicao?post=41360"}],"curies":[{"name":"wp","href":"https:\/\/api.w.org\/{rel}","templated":true}]}}