{"id":41802,"date":"2026-04-01T10:00:00","date_gmt":"2026-04-01T13:00:00","guid":{"rendered":"https:\/\/cajamar.sp.gov.br\/noticias\/?p=41802"},"modified":"2026-04-01T10:02:48","modified_gmt":"2026-04-01T13:02:48","slug":"prefeitura-de-cajamar-realiza-dia-d-de-vacinacao-contra-a-influenza-e-acao-de-combate-ao-cancer-bucal-com-grande-mobilizacao-popular","status":"publish","type":"post","link":"https:\/\/cajamar.sp.gov.br\/noticias\/2026\/04\/01\/prefeitura-de-cajamar-realiza-dia-d-de-vacinacao-contra-a-influenza-e-acao-de-combate-ao-cancer-bucal-com-grande-mobilizacao-popular\/","title":{"rendered":"Prefeitura de Cajamar realiza Dia D de vacina\u00e7\u00e3o contra a Influenza e a\u00e7\u00e3o de combate ao c\u00e2ncer bucal com grande mobiliza\u00e7\u00e3o popular"},"content":{"rendered":"\n<figure class=\"wp-block-image size-large\"><img fetchpriority=\"high\" decoding=\"async\" width=\"1280\" height=\"960\" src=\"https:\/\/cajamar.sp.gov.br\/noticias\/wp-content\/uploads\/sites\/2\/2026\/04\/capa-3-1280x960.jpeg\" alt=\"\" class=\"wp-image-41803\" srcset=\"https:\/\/cajamar.sp.gov.br\/noticias\/wp-content\/uploads\/sites\/2\/2026\/04\/capa-3-1280x960.jpeg 1280w, https:\/\/cajamar.sp.gov.br\/noticias\/wp-content\/uploads\/sites\/2\/2026\/04\/capa-3-300x225.jpeg 300w, https:\/\/cajamar.sp.gov.br\/noticias\/wp-content\/uploads\/sites\/2\/2026\/04\/capa-3-768x576.jpeg 768w, https:\/\/cajamar.sp.gov.br\/noticias\/wp-content\/uploads\/sites\/2\/2026\/04\/capa-3-1536x1152.jpeg 1536w, https:\/\/cajamar.sp.gov.br\/noticias\/wp-content\/uploads\/sites\/2\/2026\/04\/capa-3.jpeg 2048w\" sizes=\"(max-width: 1280px) 100vw, 1280px\" \/><\/figure>\n\n\n\n<p>A Prefeitura de Cajamar, por meio da Secretaria Municipal de Sa\u00fade, realizou no \u00faltimo s\u00e1bado, 28 de mar\u00e7o, o Dia D de vacina\u00e7\u00e3o contra a Influenza (gripe), promovendo uma grande mobiliza\u00e7\u00e3o para ampliar a cobertura vacinal no munic\u00edpio.<\/p>\n\n\n\n<p>A a\u00e7\u00e3o aconteceu das 9h \u00e0s 16h, em quatro pontos estrat\u00e9gicos: Complexo de Sa\u00fade de Cajamar, UBS Dra. Izabel Gratieri (Polvilho), USF Manoel In\u00e1cio da Silva (Para\u00edso) e USF Vereador Joaquim Alves de Castro (Centro).<\/p>\n\n\n\n<p>Durante o Dia D, al\u00e9m da vacina\u00e7\u00e3o contra a gripe voltada aos grupos priorit\u00e1rios, tamb\u00e9m foram realizadas atualiza\u00e7\u00f5es das cadernetas vacinais, garantindo que a popula\u00e7\u00e3o mantivesse sua imuniza\u00e7\u00e3o em dia.<\/p>\n\n\n\n<p>Outro destaque foi a realiza\u00e7\u00e3o de avalia\u00e7\u00f5es de preven\u00e7\u00e3o ao c\u00e2ncer bucal, com orienta\u00e7\u00f5es e encaminhamentos, refor\u00e7ando a import\u00e2ncia do diagn\u00f3stico precoce e do cuidado cont\u00ednuo com a sa\u00fade.<\/p>\n\n\n\n<p>A iniciativa refor\u00e7a o compromisso da Prefeitura de Cajamar com a promo\u00e7\u00e3o da sa\u00fade, preven\u00e7\u00e3o de doen\u00e7as e qualidade de vida da popula\u00e7\u00e3o.<\/p>\n\n\n\n<div class=\"wp-block-group is-layout-grid wp-container-core-group-is-layout-9649a0d9 wp-block-group-is-layout-grid\">\n<figure class=\"wp-block-image size-large\"><img decoding=\"async\" width=\"1280\" height=\"960\" src=\"https:\/\/cajamar.sp.gov.br\/noticias\/wp-content\/uploads\/sites\/2\/2026\/04\/03-14-1280x960.jpeg\" alt=\"\" class=\"wp-image-41804\" srcset=\"https:\/\/cajamar.sp.gov.br\/noticias\/wp-content\/uploads\/sites\/2\/2026\/04\/03-14-1280x960.jpeg 1280w, https:\/\/cajamar.sp.gov.br\/noticias\/wp-content\/uploads\/sites\/2\/2026\/04\/03-14-300x225.jpeg 300w, https:\/\/cajamar.sp.gov.br\/noticias\/wp-content\/uploads\/sites\/2\/2026\/04\/03-14-768x576.jpeg 768w, https:\/\/cajamar.sp.gov.br\/noticias\/wp-content\/uploads\/sites\/2\/2026\/04\/03-14-1536x1152.jpeg 1536w, https:\/\/cajamar.sp.gov.br\/noticias\/wp-content\/uploads\/sites\/2\/2026\/04\/03-14.jpeg 2048w\" sizes=\"(max-width: 1280px) 100vw, 1280px\" \/><\/figure>\n\n\n\n<figure class=\"wp-block-image size-large\"><img decoding=\"async\" width=\"1280\" height=\"960\" src=\"https:\/\/cajamar.sp.gov.br\/noticias\/wp-content\/uploads\/sites\/2\/2026\/04\/02-15-1280x960.jpeg\" alt=\"\" class=\"wp-image-41805\" srcset=\"https:\/\/cajamar.sp.gov.br\/noticias\/wp-content\/uploads\/sites\/2\/2026\/04\/02-15-1280x960.jpeg 1280w, https:\/\/cajamar.sp.gov.br\/noticias\/wp-content\/uploads\/sites\/2\/2026\/04\/02-15-300x225.jpeg 300w, https:\/\/cajamar.sp.gov.br\/noticias\/wp-content\/uploads\/sites\/2\/2026\/04\/02-15-768x576.jpeg 768w, https:\/\/cajamar.sp.gov.br\/noticias\/wp-content\/uploads\/sites\/2\/2026\/04\/02-15-1536x1152.jpeg 1536w, https:\/\/cajamar.sp.gov.br\/noticias\/wp-content\/uploads\/sites\/2\/2026\/04\/02-15.jpeg 2048w\" sizes=\"(max-width: 1280px) 100vw, 1280px\" \/><\/figure>\n\n\n\n<figure class=\"wp-block-image size-large\"><img loading=\"lazy\" decoding=\"async\" width=\"1280\" height=\"960\" src=\"https:\/\/cajamar.sp.gov.br\/noticias\/wp-content\/uploads\/sites\/2\/2026\/04\/01-14-1280x960.jpeg\" alt=\"\" class=\"wp-image-41807\" srcset=\"https:\/\/cajamar.sp.gov.br\/noticias\/wp-content\/uploads\/sites\/2\/2026\/04\/01-14-1280x960.jpeg 1280w, https:\/\/cajamar.sp.gov.br\/noticias\/wp-content\/uploads\/sites\/2\/2026\/04\/01-14-300x225.jpeg 300w, https:\/\/cajamar.sp.gov.br\/noticias\/wp-content\/uploads\/sites\/2\/2026\/04\/01-14-768x576.jpeg 768w, https:\/\/cajamar.sp.gov.br\/noticias\/wp-content\/uploads\/sites\/2\/2026\/04\/01-14-1536x1152.jpeg 1536w, https:\/\/cajamar.sp.gov.br\/noticias\/wp-content\/uploads\/sites\/2\/2026\/04\/01-14.jpeg 2048w\" sizes=\"(max-width: 1280px) 100vw, 1280px\" \/><\/figure>\n<\/div>\n\n\n\n<p><\/p>\n","protected":false},"excerpt":{"rendered":"<p>A\u00e7\u00e3o aconteceu no \u00faltimo s\u00e1bado (28\/03) em quatro unidades de sa\u00fade, com vacina\u00e7\u00e3o, atualiza\u00e7\u00e3o de cadernetas e a\u00e7\u00f5es de preven\u00e7\u00e3o<\/p>\n","protected":false},"author":11,"featured_media":41803,"comment_status":"closed","ping_status":"closed","sticky":true,"template":"","format":"standard","meta":{"footnotes":""},"categories":[1,2],"tags":[],"posicao":[28],"class_list":["post-41802","post","type-post","status-publish","format-standard","has-post-thumbnail","hentry","category-noticias","category-saude","posicao-destaque"],"_links":{"self":[{"href":"https:\/\/cajamar.sp.gov.br\/noticias\/wp-json\/wp\/v2\/posts\/41802","targetHints":{"allow":["GET"]}}],"collection":[{"href":"https:\/\/cajamar.sp.gov.br\/noticias\/wp-json\/wp\/v2\/posts"}],"about":[{"href":"https:\/\/cajamar.sp.gov.br\/noticias\/wp-json\/wp\/v2\/types\/post"}],"author":[{"embeddable":true,"href":"https:\/\/cajamar.sp.gov.br\/noticias\/wp-json\/wp\/v2\/users\/11"}],"replies":[{"embeddable":true,"href":"https:\/\/cajamar.sp.gov.br\/noticias\/wp-json\/wp\/v2\/comments?post=41802"}],"version-history":[{"count":1,"href":"https:\/\/cajamar.sp.gov.br\/noticias\/wp-json\/wp\/v2\/posts\/41802\/revisions"}],"predecessor-version":[{"id":41808,"href":"https:\/\/cajamar.sp.gov.br\/noticias\/wp-json\/wp\/v2\/posts\/41802\/revisions\/41808"}],"wp:featuredmedia":[{"embeddable":true,"href":"https:\/\/cajamar.sp.gov.br\/noticias\/wp-json\/wp\/v2\/media\/41803"}],"wp:attachment":[{"href":"https:\/\/cajamar.sp.gov.br\/noticias\/wp-json\/wp\/v2\/media?parent=41802"}],"wp:term":[{"taxonomy":"category","embeddable":true,"href":"https:\/\/cajamar.sp.gov.br\/noticias\/wp-json\/wp\/v2\/categories?post=41802"},{"taxonomy":"post_tag","embeddable":true,"href":"https:\/\/cajamar.sp.gov.br\/noticias\/wp-json\/wp\/v2\/tags?post=41802"},{"taxonomy":"posicao","embeddable":true,"href":"https:\/\/cajamar.sp.gov.br\/noticias\/wp-json\/wp\/v2\/posicao?post=41802"}],"curies":[{"name":"wp","href":"https:\/\/api.w.org\/{rel}","templated":true}]}}